{"id":333,"date":"2024-08-30T21:14:10","date_gmt":"2024-08-30T21:14:10","guid":{"rendered":"https:\/\/deming.edu.ec\/blog\/?p=333"},"modified":"2024-09-03T17:00:21","modified_gmt":"2024-09-03T17:00:21","slug":"importancia-de-la-educacion-tecnica-y-tecnologica-en-el-siglo-xxi","status":"publish","type":"post","link":"https:\/\/deming.edu.ec\/blog\/index.php\/2024\/08\/30\/importancia-de-la-educacion-tecnica-y-tecnologica-en-el-siglo-xxi\/","title":{"rendered":"Importancia de la Educaci\u00f3n t\u00e9cnica y tecnol\u00f3gica en el Siglo XXI"},"content":{"rendered":"\n<figure class=\"wp-block-image size-large\"><img loading=\"lazy\" decoding=\"async\" width=\"1024\" height=\"768\" src=\"https:\/\/deming.edu.ec\/blog\/wp-content\/uploads\/2024\/08\/image-1024x768.png\" alt=\"\" class=\"wp-image-335\" srcset=\"https:\/\/deming.edu.ec\/blog\/wp-content\/uploads\/2024\/08\/image-1024x768.png 1024w, https:\/\/deming.edu.ec\/blog\/wp-content\/uploads\/2024\/08\/image-300x225.png 300w, https:\/\/deming.edu.ec\/blog\/wp-content\/uploads\/2024\/08\/image-768x576.png 768w, https:\/\/deming.edu.ec\/blog\/wp-content\/uploads\/2024\/08\/image.png 1279w\" sizes=\"(max-width: 1024px) 100vw, 1024px\" \/><\/figure>\n\n\n\n<p>En el siglo XXI, la educaci\u00f3n t\u00e9cnica y tecnol\u00f3gica se ha convertido en un pilar esencial para el desarrollo socioecon\u00f3mico y la innovaci\u00f3n global. A medida que la tecnolog\u00eda avanza a un ritmo vertiginoso, la habilidad para adaptarse a estos cambios y aprovechar las nuevas herramientas y conocimientos se ha vuelto indispensable. La educaci\u00f3n t\u00e9cnica y tecnol\u00f3gica no solo proporciona habilidades pr\u00e1cticas que responden a las demandas inmediatas del mercado laboral, sino que tambi\u00e9n impulsa la capacidad de resolver problemas complejos y fomentar el pensamiento cr\u00edtico en un mundo cada vez m\u00e1s interconectado y digitalizado.<\/p>\n\n\n\n<p>Uno de los aspectos m\u00e1s destacados de la educaci\u00f3n t\u00e9cnica y tecnol\u00f3gica es su capacidad para cerrar la brecha entre la teor\u00eda y la pr\u00e1ctica. A diferencia de los enfoques educativos m\u00e1s tradicionales que a menudo se centran en la teor\u00eda abstracta, los programas t\u00e9cnicos y tecnol\u00f3gicos est\u00e1n dise\u00f1ados para ofrecer una formaci\u00f3n pr\u00e1ctica y aplicable. Esto permite a los estudiantes adquirir competencias espec\u00edficas que son directamente relevantes para sus futuros roles profesionales. Adem\u00e1s, estos programas fomentan una formaci\u00f3n continua, necesaria para mantenerse al d\u00eda con los r\u00e1pidos avances tecnol\u00f3gicos y las cambiantes demandas del mercado.<\/p>\n\n\n<div class=\"wp-block-image is-style-rounded\">\n<figure class=\"alignleft size-full is-resized\"><img loading=\"lazy\" decoding=\"async\" width=\"760\" height=\"401\" src=\"https:\/\/deming.edu.ec\/blog\/wp-content\/uploads\/2024\/08\/image-2.png\" alt=\"\" class=\"wp-image-338\" style=\"width:445px;height:auto\" srcset=\"https:\/\/deming.edu.ec\/blog\/wp-content\/uploads\/2024\/08\/image-2.png 760w, https:\/\/deming.edu.ec\/blog\/wp-content\/uploads\/2024\/08\/image-2-300x158.png 300w\" sizes=\"(max-width: 760px) 100vw, 760px\" \/><\/figure><\/div>\n\n\n<p>En el contexto global, la educaci\u00f3n t\u00e9cnica y tecnol\u00f3gica tambi\u00e9n juega un papel crucial en la promoci\u00f3n de la igualdad de oportunidades. Al proporcionar acceso a formaci\u00f3n especializada en campos como la ingenier\u00eda, la inform\u00e1tica y la biotecnolog\u00eda, se abre la puerta a una mayor inclusi\u00f3n en industrias de alta demanda. Esto es particularmente relevante en pa\u00edses en desarrollo, donde la capacitaci\u00f3n t\u00e9cnica puede transformar econom\u00edas locales y proporcionar a las comunidades las herramientas necesarias para participar en la econom\u00eda global. Por lo tanto, invertir en educaci\u00f3n t\u00e9cnica y tecnol\u00f3gica es una estrategia clave para fomentar el desarrollo econ\u00f3mico sostenible y equitativo.<\/p>\n\n\n\n<p>A nivel institucional, las universidades y centros de formaci\u00f3n t\u00e9cnica enfrentan el desaf\u00edo de actualizar continuamente sus curr\u00edculos para reflejar los \u00faltimos avances tecnol\u00f3gicos y las necesidades emergentes del mercado laboral. Esto requiere una estrecha colaboraci\u00f3n con la industria y una adaptaci\u00f3n constante a las innovaciones tecnol\u00f3gicas. La implementaci\u00f3n de programas de formaci\u00f3n que integren pr\u00e1cticas y simulaciones reales prepara a los estudiantes para enfrentarse con \u00e9xito a los desaf\u00edos del entorno laboral contempor\u00e1neo y promueve una mano de obra m\u00e1s competente y preparada para los futuros cambios tecnol\u00f3gicos.<\/p>\n\n\n\n<p>La educaci\u00f3n t\u00e9cnica y tecnol\u00f3gica no solo beneficia a los individuos, sino que tambi\u00e9n tiene un impacto positivo en la sociedad en su conjunto. Al desarrollar habilidades t\u00e9cnicas avanzadas y fomentar la innovaci\u00f3n, se contribuye al progreso cient\u00edfico y tecnol\u00f3gico que impulsa el crecimiento econ\u00f3mico y mejora la calidad de vida. Las instituciones educativas tienen, por tanto, la responsabilidad de promover y apoyar estos programas, asegurando que los j\u00f3venes est\u00e9n equipados para enfrentar los desaf\u00edos de un mundo en constante cambio y contribuir de manera significativa a la sociedad.<\/p>\n\n\n<div class=\"wp-block-image is-style-rounded\">\n<figure class=\"alignleft size-large is-resized\"><img loading=\"lazy\" decoding=\"async\" width=\"1024\" height=\"683\" src=\"https:\/\/deming.edu.ec\/blog\/wp-content\/uploads\/2024\/08\/image-4-1024x683.png\" alt=\"\" class=\"wp-image-341\" style=\"width:409px;height:auto\" srcset=\"https:\/\/deming.edu.ec\/blog\/wp-content\/uploads\/2024\/08\/image-4-1024x683.png 1024w, https:\/\/deming.edu.ec\/blog\/wp-content\/uploads\/2024\/08\/image-4-300x200.png 300w, https:\/\/deming.edu.ec\/blog\/wp-content\/uploads\/2024\/08\/image-4-768x512.png 768w, https:\/\/deming.edu.ec\/blog\/wp-content\/uploads\/2024\/08\/image-4-1536x1024.png 1536w, https:\/\/deming.edu.ec\/blog\/wp-content\/uploads\/2024\/08\/image-4-2048x1366.png 2048w\" sizes=\"(max-width: 1024px) 100vw, 1024px\" \/><\/figure><\/div>\n\n\n<p>La educaci\u00f3n t\u00e9cnica y tecnol\u00f3gica se ha consolidado como un componente fundamental para el \u00e9xito en el siglo XXI. Su capacidad para proporcionar habilidades pr\u00e1cticas, promover la igualdad de oportunidades y fomentar la innovaci\u00f3n la convierte en un factor crucial para el desarrollo personal y colectivo. Las instituciones educativas deben continuar adaptando sus enfoques para garantizar que los estudiantes est\u00e9n preparados para aprovechar al m\u00e1ximo las oportunidades que ofrece el entorno tecnol\u00f3gico actual.<\/p>\n","protected":false},"excerpt":{"rendered":"<p>La educaci\u00f3n t\u00e9cnica y tecnol\u00f3gica n impulsa la capacidad de resolver problemas complejos y fomentar el pensamiento cr\u00edtico.<\/p>\n<p> <a class=\"more-link\" href=\"https:\/\/deming.edu.ec\/blog\/index.php\/2024\/08\/30\/importancia-de-la-educacion-tecnica-y-tecnologica-en-el-siglo-xxi\/\">Read more<\/a><\/p>","protected":false},"author":4,"featured_media":335,"comment_status":"open","ping_status":"open","sticky":false,"template":"","format":"standard","meta":{"footnotes":""},"categories":[2],"tags":[27,16,22,29,21,26,19,23,30,25,24,28],"_links":{"self":[{"href":"https:\/\/deming.edu.ec\/blog\/index.php\/wp-json\/wp\/v2\/posts\/333"}],"collection":[{"href":"https:\/\/deming.edu.ec\/blog\/index.php\/wp-json\/wp\/v2\/posts"}],"about":[{"href":"https:\/\/deming.edu.ec\/blog\/index.php\/wp-json\/wp\/v2\/types\/post"}],"author":[{"embeddable":true,"href":"https:\/\/deming.edu.ec\/blog\/index.php\/wp-json\/wp\/v2\/users\/4"}],"replies":[{"embeddable":true,"href":"https:\/\/deming.edu.ec\/blog\/index.php\/wp-json\/wp\/v2\/comments?post=333"}],"version-history":[{"count":5,"href":"https:\/\/deming.edu.ec\/blog\/index.php\/wp-json\/wp\/v2\/posts\/333\/revisions"}],"predecessor-version":[{"id":347,"href":"https:\/\/deming.edu.ec\/blog\/index.php\/wp-json\/wp\/v2\/posts\/333\/revisions\/347"}],"wp:featuredmedia":[{"embeddable":true,"href":"https:\/\/deming.edu.ec\/blog\/index.php\/wp-json\/wp\/v2\/media\/335"}],"wp:attachment":[{"href":"https:\/\/deming.edu.ec\/blog\/index.php\/wp-json\/wp\/v2\/media?parent=333"}],"wp:term":[{"taxonomy":"category","embeddable":true,"href":"https:\/\/deming.edu.ec\/blog\/index.php\/wp-json\/wp\/v2\/categories?post=333"},{"taxonomy":"post_tag","embeddable":true,"href":"https:\/\/deming.edu.ec\/blog\/index.php\/wp-json\/wp\/v2\/tags?post=333"}],"curies":[{"name":"wp","href":"https:\/\/api.w.org\/{rel}","templated":true}]}}