{"id":474,"date":"2024-04-10T15:04:00","date_gmt":"2024-04-10T15:04:00","guid":{"rendered":"https:\/\/deming.edu.ec\/blog\/?p=474"},"modified":"2024-10-30T17:11:20","modified_gmt":"2024-10-30T17:11:20","slug":"proyecto-integrador-de-la-familia-y-la-comunidad-en-la-escuela-republica-de-brasil-por-medio-de-la-implementacion-de-espacios-recreativos","status":"publish","type":"post","link":"https:\/\/deming.edu.ec\/blog\/index.php\/2024\/04\/10\/proyecto-integrador-de-la-familia-y-la-comunidad-en-la-escuela-republica-de-brasil-por-medio-de-la-implementacion-de-espacios-recreativos\/","title":{"rendered":"Proyecto integrador de la familia y la comunidad en la escuela Rep\u00fablica de Brasil por medio de la implementaci\u00f3n de espacios recreativos."},"content":{"rendered":"\n<p>La falta de espacios recreativos en las instituciones educativas, es uno de los problemas m\u00e1s comunes para el desarrollo de actividades motrices en los estudiantes y por m\u00e1s que en la actualidad los gobiernos, den alternativas de diferentes actividades a los maestros, los ni\u00f1os necesitan espacios adecuados, donde puedan realizar actividades extracurriculares. La falencia de estos espacios se detect\u00f3 en la escuela Rep\u00fablica de Brasil ubicada en la parroquia El Eno, Lago Agrio. Por esta raz\u00f3n nuestros estudiantes GUAMAN PILCO ELCIA PATRICIA y VARGAS TORRES LUCIA EDILMA de la carrera de TECNOLOGIA SUPERIOR EN EDUCACION INICIAL desarrollaron su proyecto comunitario en dicha instituci\u00f3n.<\/p>\n\n\n\n<p>Con la creaci\u00f3n del espacio recreativo para los ni\u00f1os se beneficiaron todos los alumnos de la escuela y la comunidad favoreciendo el desarrollo de diferentes actividades para jugar y divertirse obteniendo as\u00ed momentos de esparcimiento y diversi\u00f3n. Esto en el \u00e1mbito educativo permite el desarrollo del aprendizaje y la convivencia escolar. Este proyecto tuvo un impacto positivo debido a que foment\u00f3 la creaci\u00f3n y fortalecimiento de v\u00ednculos efectivos que generan, en los ni\u00f1os y ni\u00f1as, seguridad y estabilidad emocional. A trav\u00e9s de las actividades realizadas se garantiza un mayor desarrollo en su coordinaci\u00f3n psicomotriz.<\/p>\n\n\n\n<p><strong>Instituci\u00f3n:<\/strong> Escuela Rep\u00fablica de Brasil  <\/p>\n\n\n\n<p><strong>L\u00ednea tem\u00e1tica<\/strong>: Desarrollo social y educaci\u00f3n<\/p>\n\n\n\n<p>&#8211; Fecha inicial: 26\/02\/2024<\/p>\n\n\n\n<p>&#8211; Fecha final: 05\/04\/2024<\/p>\n\n\n\n<p><strong>Escuela Rep\u00fablica de Brasil ubicada en la parroquia El Eno, Lago Agrio<\/strong><\/p>\n\n\n\n<figure class=\"wp-block-image size-full\"><img loading=\"lazy\" decoding=\"async\" width=\"452\" height=\"325\" src=\"https:\/\/deming.edu.ec\/blog\/wp-content\/uploads\/2024\/10\/image-17.png\" alt=\"\" class=\"wp-image-475\" srcset=\"https:\/\/deming.edu.ec\/blog\/wp-content\/uploads\/2024\/10\/image-17.png 452w, https:\/\/deming.edu.ec\/blog\/wp-content\/uploads\/2024\/10\/image-17-300x216.png 300w\" sizes=\"(max-width: 452px) 100vw, 452px\" \/><\/figure>\n\n\n\n<p><strong>Transformaci\u00f3n de los espacios en la unidad educativa Rep\u00fablica de Brasil<\/strong><\/p>\n\n\n\n<figure class=\"wp-block-image size-full\"><img loading=\"lazy\" decoding=\"async\" width=\"495\" height=\"264\" src=\"https:\/\/deming.edu.ec\/blog\/wp-content\/uploads\/2024\/10\/image-18.png\" alt=\"\" class=\"wp-image-476\" srcset=\"https:\/\/deming.edu.ec\/blog\/wp-content\/uploads\/2024\/10\/image-18.png 495w, https:\/\/deming.edu.ec\/blog\/wp-content\/uploads\/2024\/10\/image-18-300x160.png 300w\" sizes=\"(max-width: 495px) 100vw, 495px\" \/><\/figure>\n\n\n\n<p><strong>Socializaci\u00f3n del proyecto con la comunidad educativa<\/strong><\/p>\n\n\n\n<figure class=\"wp-block-image size-full\"><img loading=\"lazy\" decoding=\"async\" width=\"352\" height=\"423\" src=\"https:\/\/deming.edu.ec\/blog\/wp-content\/uploads\/2024\/10\/image-19.png\" alt=\"\" class=\"wp-image-477\" srcset=\"https:\/\/deming.edu.ec\/blog\/wp-content\/uploads\/2024\/10\/image-19.png 352w, https:\/\/deming.edu.ec\/blog\/wp-content\/uploads\/2024\/10\/image-19-250x300.png 250w\" sizes=\"(max-width: 352px) 100vw, 352px\" \/><\/figure>\n","protected":false},"excerpt":{"rendered":"<p>La falta de espacios recreativos en las instituciones educativas, es uno de los problemas m\u00e1s comunes para el desarrollo de actividades motrices en los estudiantes y por m\u00e1s que en la actualidad los&hellip;<\/p>\n<p> <a class=\"more-link\" href=\"https:\/\/deming.edu.ec\/blog\/index.php\/2024\/04\/10\/proyecto-integrador-de-la-familia-y-la-comunidad-en-la-escuela-republica-de-brasil-por-medio-de-la-implementacion-de-espacios-recreativos\/\">Read more<\/a><\/p>\n","protected":false},"author":8,"featured_media":475,"comment_status":"open","ping_status":"open","sticky":false,"template":"","format":"standard","meta":{"footnotes":""},"categories":[2,38],"tags":[22,29,19,41,40],"_links":{"self":[{"href":"https:\/\/deming.edu.ec\/blog\/index.php\/wp-json\/wp\/v2\/posts\/474"}],"collection":[{"href":"https:\/\/deming.edu.ec\/blog\/index.php\/wp-json\/wp\/v2\/posts"}],"about":[{"href":"https:\/\/deming.edu.ec\/blog\/index.php\/wp-json\/wp\/v2\/types\/post"}],"author":[{"embeddable":true,"href":"https:\/\/deming.edu.ec\/blog\/index.php\/wp-json\/wp\/v2\/users\/8"}],"replies":[{"embeddable":true,"href":"https:\/\/deming.edu.ec\/blog\/index.php\/wp-json\/wp\/v2\/comments?post=474"}],"version-history":[{"count":3,"href":"https:\/\/deming.edu.ec\/blog\/index.php\/wp-json\/wp\/v2\/posts\/474\/revisions"}],"predecessor-version":[{"id":494,"href":"https:\/\/deming.edu.ec\/blog\/index.php\/wp-json\/wp\/v2\/posts\/474\/revisions\/494"}],"wp:featuredmedia":[{"embeddable":true,"href":"https:\/\/deming.edu.ec\/blog\/index.php\/wp-json\/wp\/v2\/media\/475"}],"wp:attachment":[{"href":"https:\/\/deming.edu.ec\/blog\/index.php\/wp-json\/wp\/v2\/media?parent=474"}],"wp:term":[{"taxonomy":"category","embeddable":true,"href":"https:\/\/deming.edu.ec\/blog\/index.php\/wp-json\/wp\/v2\/categories?post=474"},{"taxonomy":"post_tag","embeddable":true,"href":"https:\/\/deming.edu.ec\/blog\/index.php\/wp-json\/wp\/v2\/tags?post=474"}],"curies":[{"name":"wp","href":"https:\/\/api.w.org\/{rel}","templated":true}]}}