{"id":513,"date":"2024-09-06T17:37:00","date_gmt":"2024-09-06T17:37:00","guid":{"rendered":"https:\/\/deming.edu.ec\/blog\/?p=513"},"modified":"2024-10-30T17:17:17","modified_gmt":"2024-10-30T17:17:17","slug":"proyecto-grupal-capacitacion-sobre-talento-humano-a-pequenos-artesanos-del-canton-shushufindi","status":"publish","type":"post","link":"https:\/\/deming.edu.ec\/blog\/index.php\/2024\/09\/06\/proyecto-grupal-capacitacion-sobre-talento-humano-a-pequenos-artesanos-del-canton-shushufindi\/","title":{"rendered":"Proyecto grupal \u201cCapacitaci\u00f3n sobre talento humano a peque\u00f1os artesanos del cant\u00f3n Shushufindi\u201d."},"content":{"rendered":"\n<p>Hoy en d\u00eda, a pesar del aumento y la variaci\u00f3n observada en el marco de los emprendimientos artesanales, muchos artesanos enfrentan desaf\u00edos significativos en la gesti\u00f3n efectiva de sus negocios, ya que es dif\u00edcil sacar adelante un negocio desde cero y m\u00e1s con la competencia que hay actualmente en el mercado. Entre las causas que generan este problema tenemos el hecho de que el artesano sobreviva del oficio en una situaci\u00f3n de econom\u00eda precaria por no poder responder a pedidos que sobrepasan su capacidad productiva. La falta de organizaci\u00f3n ha incidido negativamente en el manejo adecuado de la producci\u00f3n y de la comercializaci\u00f3n del producto, impidiendo la generaci\u00f3n de un excedente. A esto se une la falta de habilidades de liderazgo y motivaci\u00f3n, as\u00ed como, la carencia de una mentalidad emprendedora s\u00f3lida que les permita adaptarse a un entorno empresarial en constante cambio.<\/p>\n\n\n\n<p>El an\u00e1lisis de la situaci\u00f3n a la que se enfrentan los emprendedores artesanales arroj\u00f3 tambi\u00e9n que carecen de acceso a capacitaciones espec\u00edficas que aborden estas necesidades particulares y la falta de apoyo por parte de las autoridades de la localidad.<\/p>\n\n\n\n<p>Lo anteriormente expuesto ha sido un obst\u00e1culo para desarrollar la capacidad de autogesti\u00f3n por lo que los estudiantes de la carrera de Tecnolog\u00eda Superior en Gesti\u00f3n de Talento Humano, MASACHE CEDE\u00d1O ENITH PATRICIA y VERA CEDE\u00d1O SOMERLY JOLAMYS y la COOPERATIVA DE TRANSPORTE DE TAXIS SHUSHUFINDI unieron fuerzas para llevar a cabo este proyecto que tuvo como objetivo fortalecer las capacidades empresariales de los emprendedores artesanales, mejorando los procesos productivos y las ofertas de los productos artesanales a trav\u00e9s del desarrollo de capacitaciones especializadas en liderazgo, motivaci\u00f3n y pensamientos emprendedores, con el fin de mejorar su ejercicio empresarial, incitar la innovaci\u00f3n y favorecer al desarrollo econ\u00f3mico sostenible del sector artesanal.<\/p>\n\n\n\n<p>Este proyecto tuvo un impacto positivo en la comunidad ya que se beneficiaron, no solo, un grupo de emprendedores artesanos sino tambi\u00e9n la comunidad del cant\u00f3n por su contribuci\u00f3n a la generaci\u00f3n de empleo, la preservaci\u00f3n de las tradiciones culturales y la promoci\u00f3n del turismo. Al fortalecer la capacidad empresarial de estos emprendimientos, se puede impulsar el crecimiento econ\u00f3mico a nivel local y regional.<\/p>\n\n\n\n<p><strong>L\u00ednea tem\u00e1tica<\/strong>: Desarrollo social y Educaci\u00f3n<\/p>\n\n\n\n<p>Fecha inicial: 19\/07\/2024<\/p>\n\n\n\n<p>Fecha final: 28\/08\/2024<\/p>\n\n\n\n<figure class=\"wp-block-image size-full\"><img loading=\"lazy\" decoding=\"async\" width=\"425\" height=\"259\" src=\"https:\/\/deming.edu.ec\/blog\/wp-content\/uploads\/2024\/10\/image-33.png\" alt=\"\" class=\"wp-image-514\" srcset=\"https:\/\/deming.edu.ec\/blog\/wp-content\/uploads\/2024\/10\/image-33.png 425w, https:\/\/deming.edu.ec\/blog\/wp-content\/uploads\/2024\/10\/image-33-300x183.png 300w\" sizes=\"(max-width: 425px) 100vw, 425px\" \/><\/figure>\n\n\n\n<p><strong>Barrio La Uni\u00f3n, Shushufindi, Sucumb\u00edos<\/strong><\/p>\n\n\n\n<figure class=\"wp-block-image size-full\"><img loading=\"lazy\" decoding=\"async\" width=\"447\" height=\"250\" src=\"https:\/\/deming.edu.ec\/blog\/wp-content\/uploads\/2024\/10\/image-34.png\" alt=\"\" class=\"wp-image-515\" srcset=\"https:\/\/deming.edu.ec\/blog\/wp-content\/uploads\/2024\/10\/image-34.png 447w, https:\/\/deming.edu.ec\/blog\/wp-content\/uploads\/2024\/10\/image-34-300x168.png 300w\" sizes=\"(max-width: 447px) 100vw, 447px\" \/><\/figure>\n\n\n\n<figure class=\"wp-block-image size-full\"><img loading=\"lazy\" decoding=\"async\" width=\"436\" height=\"239\" src=\"https:\/\/deming.edu.ec\/blog\/wp-content\/uploads\/2024\/10\/image-35.png\" alt=\"\" class=\"wp-image-516\" srcset=\"https:\/\/deming.edu.ec\/blog\/wp-content\/uploads\/2024\/10\/image-35.png 436w, https:\/\/deming.edu.ec\/blog\/wp-content\/uploads\/2024\/10\/image-35-300x164.png 300w\" sizes=\"(max-width: 436px) 100vw, 436px\" \/><\/figure>\n\n\n\n<figure class=\"wp-block-image size-full\"><img loading=\"lazy\" decoding=\"async\" width=\"420\" height=\"238\" src=\"https:\/\/deming.edu.ec\/blog\/wp-content\/uploads\/2024\/10\/image-36.png\" alt=\"\" class=\"wp-image-517\" srcset=\"https:\/\/deming.edu.ec\/blog\/wp-content\/uploads\/2024\/10\/image-36.png 420w, https:\/\/deming.edu.ec\/blog\/wp-content\/uploads\/2024\/10\/image-36-300x170.png 300w\" sizes=\"(max-width: 420px) 100vw, 420px\" \/><\/figure>\n","protected":false},"excerpt":{"rendered":"<p>Hoy en d\u00eda, a pesar del aumento y la variaci\u00f3n observada en el marco de los emprendimientos artesanales, muchos artesanos enfrentan desaf\u00edos significativos en la gesti\u00f3n efectiva de sus negocios, ya que es&hellip;<\/p>\n<p> <a class=\"more-link\" href=\"https:\/\/deming.edu.ec\/blog\/index.php\/2024\/09\/06\/proyecto-grupal-capacitacion-sobre-talento-humano-a-pequenos-artesanos-del-canton-shushufindi\/\">Read more<\/a><\/p>\n","protected":false},"author":8,"featured_media":514,"comment_status":"open","ping_status":"open","sticky":false,"template":"","format":"standard","meta":{"footnotes":""},"categories":[2,38],"tags":[29,19,41,40],"_links":{"self":[{"href":"https:\/\/deming.edu.ec\/blog\/index.php\/wp-json\/wp\/v2\/posts\/513"}],"collection":[{"href":"https:\/\/deming.edu.ec\/blog\/index.php\/wp-json\/wp\/v2\/posts"}],"about":[{"href":"https:\/\/deming.edu.ec\/blog\/index.php\/wp-json\/wp\/v2\/types\/post"}],"author":[{"embeddable":true,"href":"https:\/\/deming.edu.ec\/blog\/index.php\/wp-json\/wp\/v2\/users\/8"}],"replies":[{"embeddable":true,"href":"https:\/\/deming.edu.ec\/blog\/index.php\/wp-json\/wp\/v2\/comments?post=513"}],"version-history":[{"count":1,"href":"https:\/\/deming.edu.ec\/blog\/index.php\/wp-json\/wp\/v2\/posts\/513\/revisions"}],"predecessor-version":[{"id":518,"href":"https:\/\/deming.edu.ec\/blog\/index.php\/wp-json\/wp\/v2\/posts\/513\/revisions\/518"}],"wp:featuredmedia":[{"embeddable":true,"href":"https:\/\/deming.edu.ec\/blog\/index.php\/wp-json\/wp\/v2\/media\/514"}],"wp:attachment":[{"href":"https:\/\/deming.edu.ec\/blog\/index.php\/wp-json\/wp\/v2\/media?parent=513"}],"wp:term":[{"taxonomy":"category","embeddable":true,"href":"https:\/\/deming.edu.ec\/blog\/index.php\/wp-json\/wp\/v2\/categories?post=513"},{"taxonomy":"post_tag","embeddable":true,"href":"https:\/\/deming.edu.ec\/blog\/index.php\/wp-json\/wp\/v2\/tags?post=513"}],"curies":[{"name":"wp","href":"https:\/\/api.w.org\/{rel}","templated":true}]}}