{"id":546,"date":"2024-10-29T21:15:29","date_gmt":"2024-10-29T21:15:29","guid":{"rendered":"https:\/\/deming.edu.ec\/blog\/?p=546"},"modified":"2024-10-29T21:17:43","modified_gmt":"2024-10-29T21:17:43","slug":"hacia-un-futuro-sostenible-un-compromiso-de-todos","status":"publish","type":"post","link":"https:\/\/deming.edu.ec\/blog\/index.php\/2024\/10\/29\/hacia-un-futuro-sostenible-un-compromiso-de-todos\/","title":{"rendered":"Hacia un futuro sostenible: un compromiso de todos."},"content":{"rendered":"<div class=\"wp-block-image\">\n<figure class=\"aligncenter size-full\"><img loading=\"lazy\" decoding=\"async\" width=\"419\" height=\"294\" src=\"https:\/\/deming.edu.ec\/blog\/wp-content\/uploads\/2024\/10\/image-54.png\" alt=\"\" class=\"wp-image-548\" srcset=\"https:\/\/deming.edu.ec\/blog\/wp-content\/uploads\/2024\/10\/image-54.png 419w, https:\/\/deming.edu.ec\/blog\/wp-content\/uploads\/2024\/10\/image-54-300x211.png 300w\" sizes=\"(max-width: 419px) 100vw, 419px\" \/><figcaption class=\"wp-element-caption\">Fuente: (Secretar\u00eda Nacional de Planificaci\u00f3n, 2017)<\/figcaption><\/figure><\/div>\n\n\n<p>Como parte de nuestro proyecto institucional sobre el cuidado del medio ambiente te presento, en esta ocasi\u00f3n, un art\u00edculo sobre el desarrollo sostenible esperando te unas a nosotros en esta traves\u00eda para salvar el planeta.<\/p>\n\n\n\n<p>En un mundo donde los desaf\u00edos medioambientales parecen crecer d\u00eda a d\u00eda, el t\u00e9rmino \u00abdesarrollo sostenible\u00bb se ha convertido en un mantra que resuena en corazones y mentes de personas alrededor del planeta. Pero, \u00bfqu\u00e9 significa realmente esta expresi\u00f3n que tantas veces escuchamos en noticias y discursos pol\u00edticos?<\/p>\n\n\n\n<p>El desarrollo sostenible se refiere a un enfoque que busca satisfacer las necesidades del presente sin comprometer la capacidad de las futuras generaciones para satisfacer sus propias necesidades. Su esencia radica en el equilibrio, un equilibrio entre el crecimiento econ\u00f3mico, la inclusi\u00f3n social y la conservaci\u00f3n del medio ambiente. Es un llamado a repensar la forma en que vivimos, consumimos y nos relacionamos con el mundo que nos rodea.<\/p>\n\n\n\n<p>Imaginemos a Luc\u00eda, una madre de dos hijos que vive en un peque\u00f1o pueblo en Ecuador. Dedicada a la agricultura, se ha dado cuenta de que las lluvias son cada vez m\u00e1s escasas y el clima m\u00e1s err\u00e1tico. El cultivo que antes la manten\u00eda a ella y su familia ahora solo les ofrece incertidumbre. Sin embargo, no se rinde. A trav\u00e9s de un programa de educaci\u00f3n continua, aprende sobre t\u00e9cnicas de cultivo sostenibles y siembra una variedad de productos que requieren menos agua y son m\u00e1s resistentes a las plagas. Con el tiempo, no solo logra alimentar a su familia, sino que tambi\u00e9n comienza a vender sus productos en el mercado local. Luc\u00eda ya no tiene miedo de la pr\u00f3xima temporada; su historia es un ejemplo de c\u00f3mo la educaci\u00f3n y los recursos adecuados pueden transformar vidas y comunidades.<\/p>\n\n\n\n<p>Historias como la de Luc\u00eda abundan alrededor del mundo. Cada d\u00eda, individuos y comunidades se levantan con el prop\u00f3sito de hacer del desarrollo sostenible una realidad. Desde j\u00f3venes activistas que organizan limpiezas de playas hasta empresas que adoptan pr\u00e1cticas m\u00e1s responsables, cada acci\u00f3n cuenta.<\/p>\n\n\n\n<p>Pensemos tambi\u00e9n en los esfuerzos de muchas ciudades que han comenzado a implementar soluciones de movilidad urbana sostenibles, como ciclov\u00edas y transporte p\u00fablico m\u00e1s eficiente. Estas iniciativas no solo mejoran la calidad del aire, sino que tambi\u00e9n promueven estilos de vida m\u00e1s saludables y activos.<\/p>\n\n\n\n<p>La tecnolog\u00eda, que a menudo se ve como parte del problema, tambi\u00e9n puede ser una potente aliada en la b\u00fasqueda de un futuro sostenible. Desde energ\u00edas renovables como la solar y la e\u00f3lica hasta aplicaciones que fomentan el reciclaje y la reducci\u00f3n de residuos, las innovaciones tecnol\u00f3gicas abren un mundo de posibilidades. Pensemos en los j\u00f3venes emprendedores que est\u00e1n desarrollando aplicaciones para conectar a quienes tienen comida sobrante con aquellos que la necesitan, o en las empresas que est\u00e1n explorando la econom\u00eda circular como modelo de negocio.<\/p>\n\n\n\n<p>Sin embargo, el desarrollo sostenible no es \u00fanicamente una responsabilidad de gobiernos o grandes corporaciones. Es un reto que nos involucra a todos. Cada uno de nosotros tiene el poder de hacer la diferencia en nuestra vida cotidiana. Desde reducir el uso de pl\u00e1sticos, optar por el transporte p\u00fablico, consumir productos locales y de temporada, hasta educarnos sobre los problemas medioambientales, las peque\u00f1as decisiones cuentan.<\/p>\n\n\n\n<p>Crear conciencia, fomentar el di\u00e1logo y compartir experiencias tambi\u00e9n son pasos esenciales. La sostenibilidad comienza en casa, en nuestras comunidades y en nuestras relaciones. Al compartir historias de \u00e9xito y superar juntos los desaf\u00edos, construimos un camino hacia un futuro en el que todos podamos prosperar.<\/p>\n\n\n\n<p>El desarrollo sostenible no es solo un concepto; es un compromiso humano hacia nuestro planeta y las generaciones venideras. Es la manifestaci\u00f3n de nuestra capacidad para adaptarnos, aprender y mejorar. As\u00ed como Luc\u00eda encontr\u00f3 esperanza en su lucha diaria, todos podemos encontrar nuestro papel en esta gran transformaci\u00f3n. El futuro sostenible est\u00e1 en nuestras manos, y juntos podemos construir un mundo donde la naturaleza y la humanidad coexistan en armon\u00eda.<\/p>\n\n\n<div class=\"wp-block-image\">\n<figure class=\"aligncenter size-full\"><img loading=\"lazy\" decoding=\"async\" width=\"611\" height=\"344\" src=\"https:\/\/deming.edu.ec\/blog\/wp-content\/uploads\/2024\/10\/image-53.png\" alt=\"\" class=\"wp-image-547\" srcset=\"https:\/\/deming.edu.ec\/blog\/wp-content\/uploads\/2024\/10\/image-53.png 611w, https:\/\/deming.edu.ec\/blog\/wp-content\/uploads\/2024\/10\/image-53-300x169.png 300w\" sizes=\"(max-width: 611px) 100vw, 611px\" \/><figcaption class=\"wp-element-caption\">Fuente: (Freepik)<\/figcaption><\/figure><\/div>","protected":false},"excerpt":{"rendered":"<p>Como parte de nuestro proyecto institucional sobre el cuidado del medio ambiente te presento, en esta ocasi\u00f3n, un art\u00edculo sobre el desarrollo sostenible esperando te unas a nosotros en esta traves\u00eda para salvar&hellip;<\/p>\n<p> <a class=\"more-link\" href=\"https:\/\/deming.edu.ec\/blog\/index.php\/2024\/10\/29\/hacia-un-futuro-sostenible-un-compromiso-de-todos\/\">Read more<\/a><\/p>\n","protected":false},"author":8,"featured_media":548,"comment_status":"open","ping_status":"open","sticky":false,"template":"","format":"standard","meta":{"footnotes":""},"categories":[2],"tags":[],"_links":{"self":[{"href":"https:\/\/deming.edu.ec\/blog\/index.php\/wp-json\/wp\/v2\/posts\/546"}],"collection":[{"href":"https:\/\/deming.edu.ec\/blog\/index.php\/wp-json\/wp\/v2\/posts"}],"about":[{"href":"https:\/\/deming.edu.ec\/blog\/index.php\/wp-json\/wp\/v2\/types\/post"}],"author":[{"embeddable":true,"href":"https:\/\/deming.edu.ec\/blog\/index.php\/wp-json\/wp\/v2\/users\/8"}],"replies":[{"embeddable":true,"href":"https:\/\/deming.edu.ec\/blog\/index.php\/wp-json\/wp\/v2\/comments?post=546"}],"version-history":[{"count":1,"href":"https:\/\/deming.edu.ec\/blog\/index.php\/wp-json\/wp\/v2\/posts\/546\/revisions"}],"predecessor-version":[{"id":549,"href":"https:\/\/deming.edu.ec\/blog\/index.php\/wp-json\/wp\/v2\/posts\/546\/revisions\/549"}],"wp:featuredmedia":[{"embeddable":true,"href":"https:\/\/deming.edu.ec\/blog\/index.php\/wp-json\/wp\/v2\/media\/548"}],"wp:attachment":[{"href":"https:\/\/deming.edu.ec\/blog\/index.php\/wp-json\/wp\/v2\/media?parent=546"}],"wp:term":[{"taxonomy":"category","embeddable":true,"href":"https:\/\/deming.edu.ec\/blog\/index.php\/wp-json\/wp\/v2\/categories?post=546"},{"taxonomy":"post_tag","embeddable":true,"href":"https:\/\/deming.edu.ec\/blog\/index.php\/wp-json\/wp\/v2\/tags?post=546"}],"curies":[{"name":"wp","href":"https:\/\/api.w.org\/{rel}","templated":true}]}}