{"id":572,"date":"2024-04-01T19:58:00","date_gmt":"2024-04-01T19:58:00","guid":{"rendered":"https:\/\/deming.edu.ec\/blog\/?p=572"},"modified":"2024-11-05T15:19:30","modified_gmt":"2024-11-05T15:19:30","slug":"unidos-por-un-futuro-sostenible-campana-de-reciclaje-en-el-instituto-universitario-edwards-deming","status":"publish","type":"post","link":"https:\/\/deming.edu.ec\/blog\/index.php\/2024\/04\/01\/unidos-por-un-futuro-sostenible-campana-de-reciclaje-en-el-instituto-universitario-edwards-deming\/","title":{"rendered":"\u00a1Unidos por un futuro sostenible! Campa\u00f1a de reciclaje en el Instituto Universitario Edwards Deming \u00a1"},"content":{"rendered":"\n<p>En el Instituto Deming estamos emocionados de anunciar el lanzamiento de nuestra campa\u00f1a de reciclaje, una iniciativa que busca fomentar la conciencia ecol\u00f3gica y promover pr\u00e1cticas sostenibles en nuestra comunidad educativa. Con el objetivo de contribuir a la reducci\u00f3n de residuos y proteger el medio ambiente, invitamos a todos los estudiantes, profesores y personal administrativo a unirse a este esfuerzo fundamental.<\/p>\n\n\n\n<p><strong>\u00bfPor qu\u00e9 reciclar?<\/strong><\/p>\n\n\n\n<p>El reciclaje es una de las acciones m\u00e1s efectivas que podemos llevar a cabo para cuidar nuestro planeta. Al reciclar, reducimos la cantidad de residuos que terminan en vertederos, conservamos recursos naturales y disminuimos la contaminaci\u00f3n. Adem\u00e1s, fomentar una cultura de reciclaje en el instituto no solo contribuir\u00e1 a un entorno m\u00e1s limpio, sino que tambi\u00e9n educar\u00e1 a nuestra comunidad sobre la importancia de cuidar el medio ambiente.<\/p>\n\n\n\n<p><strong>\u00bfC\u00f3mo funcionar\u00e1 la campa\u00f1a?<\/strong><\/p>\n\n\n\n<p><strong>Punto de reciclaje<\/strong>: Instalaremos un contenedor de reciclaje en las \u00e1reas del instituto.<\/p>\n\n\n\n<p><strong>Talleres y charlas<\/strong>: A lo largo del a\u00f1o, organizaremos talleres y charlas educativas sobre la importancia del reciclaje y la sostenibilidad, donde compartiremos conocimientos y experiencias.<\/p>\n\n\n\n<p><strong>Difusi\u00f3n de informaci\u00f3n<\/strong>: Como continuidad del proyecto, utilizaremos las redes sociales y medios internos del instituto para informar y recordar a toda la comunidad acerca de las mejores pr\u00e1cticas de reciclaje, el cuidado del medio ambiente y los beneficios que esto conlleva.<\/p>\n\n\n\n<p><strong>\u00a1Tu participaci\u00f3n es clave \u00a1<\/strong><\/p>\n\n\n\n<p>Cada peque\u00f1o esfuerzo cuenta. Te animamos a que seas parte activa de esta campa\u00f1a: separando tus residuos adecuadamente, participando en las actividades programadas y promoviendo el mensaje del reciclaje entre tus compa\u00f1eros. Juntos, podemos hacer una gran diferencia.<\/p>\n\n\n\n<p>La sostenibilidad es responsabilidad de todos, y en el Instituto Deming creemos que a trav\u00e9s de la educaci\u00f3n y la colaboraci\u00f3n podemos crear un impacto positivo en el medio ambiente. \u00a1Esperamos contar con tu apoyo para hacer de nuestra Campa\u00f1a de reciclaje un \u00e9xito rotundo!<\/p>\n\n\n\n<p>Juntos, hagamos de nuestro instituto un ejemplo de responsabilidad ambiental. \u00a1Reciclar es vivir!<\/p>\n\n\n\n<p>Para m\u00e1s informaci\u00f3n, no dudes en visitar nuestra p\u00e1gina web. \u00a1Hagamos eco del cambio!<\/p>\n\n\n\n<p><strong>\u00a1Deming comprometido con el medio ambiente\u00a1<\/strong><\/p>\n\n\n\n<figure class=\"wp-block-gallery has-nested-images columns-default is-cropped wp-block-gallery-1 is-layout-flex wp-block-gallery-is-layout-flex\">\n<figure class=\"wp-block-image size-large\"><img loading=\"lazy\" decoding=\"async\" width=\"769\" height=\"1024\" data-id=\"575\" src=\"https:\/\/deming.edu.ec\/blog\/wp-content\/uploads\/2024\/10\/WhatsApp-Image-2024-10-31-at-2.53.37-PM-769x1024.jpeg\" alt=\"\" class=\"wp-image-575\" srcset=\"https:\/\/deming.edu.ec\/blog\/wp-content\/uploads\/2024\/10\/WhatsApp-Image-2024-10-31-at-2.53.37-PM-769x1024.jpeg 769w, https:\/\/deming.edu.ec\/blog\/wp-content\/uploads\/2024\/10\/WhatsApp-Image-2024-10-31-at-2.53.37-PM-225x300.jpeg 225w, https:\/\/deming.edu.ec\/blog\/wp-content\/uploads\/2024\/10\/WhatsApp-Image-2024-10-31-at-2.53.37-PM-768x1023.jpeg 768w, https:\/\/deming.edu.ec\/blog\/wp-content\/uploads\/2024\/10\/WhatsApp-Image-2024-10-31-at-2.53.37-PM.jpeg 868w\" sizes=\"(max-width: 769px) 100vw, 769px\" \/><\/figure>\n\n\n\n<figure class=\"wp-block-image size-large\"><img loading=\"lazy\" decoding=\"async\" width=\"1024\" height=\"769\" data-id=\"576\" src=\"https:\/\/deming.edu.ec\/blog\/wp-content\/uploads\/2024\/10\/WhatsApp-Image-2024-10-31-at-2.53.26-PM-1024x769.jpeg\" alt=\"\" class=\"wp-image-576\" srcset=\"https:\/\/deming.edu.ec\/blog\/wp-content\/uploads\/2024\/10\/WhatsApp-Image-2024-10-31-at-2.53.26-PM-1024x769.jpeg 1024w, https:\/\/deming.edu.ec\/blog\/wp-content\/uploads\/2024\/10\/WhatsApp-Image-2024-10-31-at-2.53.26-PM-300x225.jpeg 300w, https:\/\/deming.edu.ec\/blog\/wp-content\/uploads\/2024\/10\/WhatsApp-Image-2024-10-31-at-2.53.26-PM-768x577.jpeg 768w, https:\/\/deming.edu.ec\/blog\/wp-content\/uploads\/2024\/10\/WhatsApp-Image-2024-10-31-at-2.53.26-PM.jpeg 1156w\" sizes=\"(max-width: 1024px) 100vw, 1024px\" \/><\/figure>\n\n\n\n<figure class=\"wp-block-image size-large\"><img loading=\"lazy\" decoding=\"async\" width=\"1024\" height=\"769\" data-id=\"577\" src=\"https:\/\/deming.edu.ec\/blog\/wp-content\/uploads\/2024\/10\/WhatsApp-Image-2024-10-31-at-2.53.16-PM-1024x769.jpeg\" alt=\"\" class=\"wp-image-577\" srcset=\"https:\/\/deming.edu.ec\/blog\/wp-content\/uploads\/2024\/10\/WhatsApp-Image-2024-10-31-at-2.53.16-PM-1024x769.jpeg 1024w, https:\/\/deming.edu.ec\/blog\/wp-content\/uploads\/2024\/10\/WhatsApp-Image-2024-10-31-at-2.53.16-PM-300x225.jpeg 300w, https:\/\/deming.edu.ec\/blog\/wp-content\/uploads\/2024\/10\/WhatsApp-Image-2024-10-31-at-2.53.16-PM-768x577.jpeg 768w, https:\/\/deming.edu.ec\/blog\/wp-content\/uploads\/2024\/10\/WhatsApp-Image-2024-10-31-at-2.53.16-PM.jpeg 1156w\" sizes=\"(max-width: 1024px) 100vw, 1024px\" \/><\/figure>\n<\/figure>\n","protected":false},"excerpt":{"rendered":"<p>En el Instituto Deming estamos emocionados de anunciar el lanzamiento de nuestra campa\u00f1a de reciclaje, una iniciativa que busca fomentar la conciencia ecol\u00f3gica y promover pr\u00e1cticas sostenibles en nuestra comunidad educativa. Con el&hellip;<\/p>\n<p> <a class=\"more-link\" href=\"https:\/\/deming.edu.ec\/blog\/index.php\/2024\/04\/01\/unidos-por-un-futuro-sostenible-campana-de-reciclaje-en-el-instituto-universitario-edwards-deming\/\">Read more<\/a><\/p>\n","protected":false},"author":8,"featured_media":577,"comment_status":"open","ping_status":"open","sticky":false,"template":"","format":"standard","meta":{"footnotes":""},"categories":[2,38],"tags":[16,22,29,19,41,40],"_links":{"self":[{"href":"https:\/\/deming.edu.ec\/blog\/index.php\/wp-json\/wp\/v2\/posts\/572"}],"collection":[{"href":"https:\/\/deming.edu.ec\/blog\/index.php\/wp-json\/wp\/v2\/posts"}],"about":[{"href":"https:\/\/deming.edu.ec\/blog\/index.php\/wp-json\/wp\/v2\/types\/post"}],"author":[{"embeddable":true,"href":"https:\/\/deming.edu.ec\/blog\/index.php\/wp-json\/wp\/v2\/users\/8"}],"replies":[{"embeddable":true,"href":"https:\/\/deming.edu.ec\/blog\/index.php\/wp-json\/wp\/v2\/comments?post=572"}],"version-history":[{"count":1,"href":"https:\/\/deming.edu.ec\/blog\/index.php\/wp-json\/wp\/v2\/posts\/572\/revisions"}],"predecessor-version":[{"id":578,"href":"https:\/\/deming.edu.ec\/blog\/index.php\/wp-json\/wp\/v2\/posts\/572\/revisions\/578"}],"wp:featuredmedia":[{"embeddable":true,"href":"https:\/\/deming.edu.ec\/blog\/index.php\/wp-json\/wp\/v2\/media\/577"}],"wp:attachment":[{"href":"https:\/\/deming.edu.ec\/blog\/index.php\/wp-json\/wp\/v2\/media?parent=572"}],"wp:term":[{"taxonomy":"category","embeddable":true,"href":"https:\/\/deming.edu.ec\/blog\/index.php\/wp-json\/wp\/v2\/categories?post=572"},{"taxonomy":"post_tag","embeddable":true,"href":"https:\/\/deming.edu.ec\/blog\/index.php\/wp-json\/wp\/v2\/tags?post=572"}],"curies":[{"name":"wp","href":"https:\/\/api.w.org\/{rel}","templated":true}]}}