{"id":605,"date":"2024-11-13T16:57:00","date_gmt":"2024-11-13T16:57:00","guid":{"rendered":"https:\/\/deming.edu.ec\/blog\/?p=605"},"modified":"2025-01-24T16:58:14","modified_gmt":"2025-01-24T16:58:14","slug":"convenio-interinstitucional-istuced-recilab","status":"publish","type":"post","link":"https:\/\/deming.edu.ec\/blog\/index.php\/2024\/11\/13\/convenio-interinstitucional-istuced-recilab\/","title":{"rendered":"Convenio interinstitucional ISTUCED-RECILAB"},"content":{"rendered":"\n<p>En el contexto actual, donde los desaf\u00edos ambientales son cada vez m\u00e1s apremiantes, la colaboraci\u00f3n interinstitucional se convierte en un pilar fundamental para implementar estrategias efectivas de cuidado del medio ambiente y desarrollo sostenible. Un ejemplo destacado de esta cooperaci\u00f3n es el convenio interinstitucional entre el Instituto Tecnol\u00f3gico Universitario de Ciencias de la Educaci\u00f3n (ISTUCED) y el laboratorio de reciclaje RECILAB. Este convenio firmado el d\u00eda 14 de octubre de 2024 por las autoridades de ambas instituciones, no solo refleja un compromiso con la sostenibilidad, sino que tambi\u00e9n ofrece una plataforma para la educaci\u00f3n y concienciaci\u00f3n sobre la importancia del reciclaje y la gesti\u00f3n de residuos.<\/p>\n\n\n\n<p>El prop\u00f3sito principal del convenio ISTUCED-RECILAB es fomentar pr\u00e1cticas de reciclaje y sostenibilidad en la comunidad educativa y en la sociedad en general unido a la colaboraci\u00f3n de los estudiantes de nuestro instituto hacia RECILAB, con la realizaci\u00f3n de sus pr\u00e1cticas pre profesionales y los procesos de Servicio a la Comunidad. <\/p>\n\n\n\n<p>A trav\u00e9s de esta alianza, ambas instituciones se comprometen a:<\/p>\n\n\n\n<ol>\n<li><strong>Educaci\u00f3n ambiental<\/strong>: Implementar programas y talleres que sensibilicen a estudiantes y ciudadanos sobre la correcta gesti\u00f3n de residuos y la importancia del reciclaje. Esto incluye la realizaci\u00f3n de campa\u00f1as informativas, conferencias y actividades pr\u00e1cticas que promueven un estilo de vida m\u00e1s sostenible.<\/li>\n\n\n\n<li><strong>Pr\u00e1cticas de reciclaje<\/strong>: Establecer sistemas de recolecci\u00f3n y clasificaci\u00f3n de residuos en el \u00e1mbito educativo y comunitario, permitiendo que los materiales reciclables sean destinados adecuadamente a RECILAB, donde ser\u00e1n procesados de forma responsable.<\/li>\n\n\n\n<li><strong>Investigaci\u00f3n y desarrollo<\/strong>: Fomentar la investigaci\u00f3n en tecnolog\u00edas de reciclaje y la creaci\u00f3n de nuevos m\u00e9todos que mejoren la eficiencia en la gesti\u00f3n de residuos. Esto incluye la evaluaci\u00f3n de materiales reciclables y el desarrollo de nuevos productos a partir de estos.<\/li>\n\n\n\n<li><strong>Responsabilidad social<\/strong>: Impulsar la participaci\u00f3n activa de los estudiantes en proyectos de voluntariado y actividades comunitarias, promoviendo un sentido de pertenencia y responsabilidad hacia el medio ambiente.<\/li>\n<\/ol>\n\n\n\n<p>RECILAB es un laboratorio especializado en el reciclaje de diversos materiales, que opera bajo principios de sostenibilidad y econom\u00eda circular. Este laboratorio se ha convertido en un modelo a seguir, ofreciendo soluciones innovadoras para la gesti\u00f3n de residuos. RECILAB se dedica no solo al reciclaje de pl\u00e1sticos, papel y metales, sino que tambi\u00e9n investiga nuevas formas de reutilizar productos que de otro modo ser\u00edan considerados desechos.<\/p>\n\n\n\n<p>Adem\u00e1s, RECILAB trabaja en colaboraci\u00f3n con diversas entidades y empresas para maximizar el impacto de sus iniciativas. Gracias a este enfoque colaborativo, el laboratorio est\u00e1 en constante evoluci\u00f3n, adapt\u00e1ndose a las necesidades de la comunidad y estableciendo est\u00e1ndares m\u00e1s altos en lo que respecta a pr\u00e1cticas sostenibles.<\/p>\n\n\n\n<p>El convenio entre ISTUCED y RECILAB tiene un impacto significativo en la comunidad. Al involucrar a los estudiantes en actividades de reciclaje y ofrecerles herramientas educativas, se est\u00e1 formando una nueva generaci\u00f3n de ciudadanos conscientes y responsables. Las acciones de estas instituciones generan un efecto multiplicador, dado que los estudiantes comparten lo aprendido con sus familias y amigos.<\/p>\n\n\n\n<p>Las campa\u00f1as de reciclaje y cuidado del medio ambiente tambi\u00e9n contribuyen a mejorar la calidad de vida en la comunidad, reduciendo la cantidad de desechos que terminan en vertederos y promoviendo un entorno m\u00e1s limpio y saludable.<\/p>\n\n\n\n<p>Este convenio interinstitucional representa un paso importante hacia un futuro m\u00e1s sostenible. A trav\u00e9s de la educaci\u00f3n, la investigaci\u00f3n y la pr\u00e1ctica del reciclaje, estas organizaciones est\u00e1n liderando el camino hacia la conservaci\u00f3n del medio ambiente. La colaboraci\u00f3n entre instituciones educativas y laboratorios de reciclaje es fundamental para enfrentar los retos ambientales actuales y formar una sociedad m\u00e1s consciente de su papel en la protecci\u00f3n del planeta. Con iniciativas como esta, se demuestra que el cuidado del medio ambiente y el desarrollo sostenible son responsabilidades compartidas que pueden lograrse a trav\u00e9s de la acci\u00f3n colectiva.<\/p>\n\n\n\n<figure class=\"wp-block-image size-full\"><img loading=\"lazy\" decoding=\"async\" width=\"225\" height=\"225\" src=\"https:\/\/deming.edu.ec\/blog\/wp-content\/uploads\/2024\/11\/image-11.png\" alt=\"\" class=\"wp-image-606\" srcset=\"https:\/\/deming.edu.ec\/blog\/wp-content\/uploads\/2024\/11\/image-11.png 225w, https:\/\/deming.edu.ec\/blog\/wp-content\/uploads\/2024\/11\/image-11-150x150.png 150w\" sizes=\"(max-width: 225px) 100vw, 225px\" \/><\/figure>\n\n\n\n<figure class=\"wp-block-image size-full\"><img loading=\"lazy\" decoding=\"async\" width=\"225\" height=\"225\" src=\"https:\/\/deming.edu.ec\/blog\/wp-content\/uploads\/2024\/11\/image-12.png\" alt=\"\" class=\"wp-image-607\" srcset=\"https:\/\/deming.edu.ec\/blog\/wp-content\/uploads\/2024\/11\/image-12.png 225w, https:\/\/deming.edu.ec\/blog\/wp-content\/uploads\/2024\/11\/image-12-150x150.png 150w\" sizes=\"(max-width: 225px) 100vw, 225px\" \/><\/figure>\n","protected":false},"excerpt":{"rendered":"<p>En el contexto actual, donde los desaf\u00edos ambientales son cada vez m\u00e1s apremiantes, la colaboraci\u00f3n interinstitucional se convierte en un pilar fundamental para implementar estrategias efectivas de cuidado del medio ambiente y desarrollo&hellip;<\/p>\n<p> <a class=\"more-link\" href=\"https:\/\/deming.edu.ec\/blog\/index.php\/2024\/11\/13\/convenio-interinstitucional-istuced-recilab\/\">Read more<\/a><\/p>\n","protected":false},"author":8,"featured_media":606,"comment_status":"open","ping_status":"open","sticky":false,"template":"","format":"standard","meta":{"footnotes":""},"categories":[2,38],"tags":[],"_links":{"self":[{"href":"https:\/\/deming.edu.ec\/blog\/index.php\/wp-json\/wp\/v2\/posts\/605"}],"collection":[{"href":"https:\/\/deming.edu.ec\/blog\/index.php\/wp-json\/wp\/v2\/posts"}],"about":[{"href":"https:\/\/deming.edu.ec\/blog\/index.php\/wp-json\/wp\/v2\/types\/post"}],"author":[{"embeddable":true,"href":"https:\/\/deming.edu.ec\/blog\/index.php\/wp-json\/wp\/v2\/users\/8"}],"replies":[{"embeddable":true,"href":"https:\/\/deming.edu.ec\/blog\/index.php\/wp-json\/wp\/v2\/comments?post=605"}],"version-history":[{"count":1,"href":"https:\/\/deming.edu.ec\/blog\/index.php\/wp-json\/wp\/v2\/posts\/605\/revisions"}],"predecessor-version":[{"id":608,"href":"https:\/\/deming.edu.ec\/blog\/index.php\/wp-json\/wp\/v2\/posts\/605\/revisions\/608"}],"wp:featuredmedia":[{"embeddable":true,"href":"https:\/\/deming.edu.ec\/blog\/index.php\/wp-json\/wp\/v2\/media\/606"}],"wp:attachment":[{"href":"https:\/\/deming.edu.ec\/blog\/index.php\/wp-json\/wp\/v2\/media?parent=605"}],"wp:term":[{"taxonomy":"category","embeddable":true,"href":"https:\/\/deming.edu.ec\/blog\/index.php\/wp-json\/wp\/v2\/categories?post=605"},{"taxonomy":"post_tag","embeddable":true,"href":"https:\/\/deming.edu.ec\/blog\/index.php\/wp-json\/wp\/v2\/tags?post=605"}],"curies":[{"name":"wp","href":"https:\/\/api.w.org\/{rel}","templated":true}]}}