{"id":618,"date":"2024-07-03T17:46:00","date_gmt":"2024-07-03T17:46:00","guid":{"rendered":"https:\/\/deming.edu.ec\/blog\/?p=618"},"modified":"2025-01-07T15:52:19","modified_gmt":"2025-01-07T15:52:19","slug":"taller-de-habilidades-blandas-en-los-rios-un-camino-hacia-el-desarrollo-social","status":"publish","type":"post","link":"https:\/\/deming.edu.ec\/blog\/index.php\/2024\/07\/03\/taller-de-habilidades-blandas-en-los-rios-un-camino-hacia-el-desarrollo-social\/","title":{"rendered":"Taller de habilidades blandas en Los R\u00edos: un camino hacia el desarrollo social"},"content":{"rendered":"\n<p>El 29 de junio de 2024, se llev\u00f3 a cabo un taller excepcional en la provincia de Los R\u00edos, Ecuador, en el marco del proyecto de Habilidades Blandas ISTUCED, una iniciativa destinada a empoderar a j\u00f3venes y adultos en el desarrollo de competencias interpersonales y emocionales esenciales para la vida personal y profesional. Este evento no solo fue una oportunidad para aprender y crecer, sino que tambi\u00e9n marc\u00f3 un hito en el fortalecimiento del tejido social de la regi\u00f3n.<\/p>\n\n\n\n<p>El taller, dirigido por la docente de  nuestra instituci\u00f3n Maritza Bilbao Canelos, experta en desarrollo personal y profesional, reuni\u00f3 a participantes de diversas edades y antecedentes. A trav\u00e9s de din\u00e1micas interactivas, ejercicios pr\u00e1cticos y discusiones grupales, los asistentes tuvieron la oportunidad de reflexionar sobre sus propias habilidades y aprender nuevas estrategias para mejorar su interacci\u00f3n con los dem\u00e1s.<\/p>\n\n\n\n<p>Los participantes se involucraron activamente en actividades que fomentaron la confianza, la comunicaci\u00f3n asertiva y el liderazgo. Estas experiencias no solo les proporcionaron herramientas valiosas, sino que tambi\u00e9n crearon un ambiente de colaboraci\u00f3n y apoyo mutuo, donde se promovi\u00f3 el respeto y la inclusi\u00f3n.<\/p>\n\n\n\n<p>El impacto social que gener\u00f3 el taller va m\u00e1s all\u00e1 de las habilidades adquiridas por los participantes. A continuaci\u00f3n, destacamos algunos de los efectos m\u00e1s significativos:<\/p>\n\n\n\n<h3 class=\"wp-block-heading\">1. Fortalecimiento del tejido social<\/h3>\n\n\n\n<p>El taller promovi\u00f3 la creaci\u00f3n de redes de apoyo entre los participantes. Al compartir experiencias y desaf\u00edos, se establecieron lazos que fomentan la solidaridad y la cooperaci\u00f3n en la comunidad. Este fortalecimiento del tejido social es fundamental para enfrentar problemas comunes y trabajar juntos por un mejor futuro.<\/p>\n\n\n\n<h3 class=\"wp-block-heading\">2. Empoderamiento de la juventud<\/h3>\n\n\n\n<p>El enfoque en habilidades blandas es especialmente crucial para los j\u00f3venes, quienes, al desarrollar estas competencias, se sienten m\u00e1s seguros y preparados para enfrentar los retos del mundo laboral y social. El taller les brind\u00f3 no solo herramientas pr\u00e1cticas, sino tambi\u00e9n la confianza necesaria para asumir roles de liderazgo en sus comunidades.<\/p>\n\n\n\n<h3 class=\"wp-block-heading\">3. Promoci\u00f3n de una cultura de paz<\/h3>\n\n\n\n<p>Las habilidades blandas son esenciales para la resoluci\u00f3n de conflictos y la promoci\u00f3n de una cultura de paz. Durante el taller, los participantes aprendieron a manejar desacuerdos de manera constructiva, lo que puede contribuir a la disminuci\u00f3n de tensiones y a la creaci\u00f3n de un ambiente m\u00e1s armonioso en sus entornos.<\/p>\n\n\n\n<h3 class=\"wp-block-heading\">4. Mejora en la calidad de vida<\/h3>\n\n\n\n<p>Al adquirir habilidades interpersonales, los participantes no solo mejoran su desempe\u00f1o laboral, sino que tambi\u00e9n enriquecen sus relaciones personales. Esto se traduce en una mejor calidad de vida, ya que se sienten m\u00e1s satisfechos y conectados con su entorno.<\/p>\n\n\n\n<p>El taller de Habilidades Blandas en Los R\u00edos representa un paso significativo hacia el desarrollo integral de la comunidad. Al invertir en el crecimiento personal y social de los ciudadanos, estamos construyendo un futuro m\u00e1s prometedor y sostenible. Este tipo de iniciativas son vitales para el progreso de nuestra sociedad, y es fundamental seguir apoyando y promoviendo estos espacios de aprendizaje y desarrollo.<\/p>\n\n\n\n<p>Agradecemos a todos los participantes, facilitadores y colaboradores que hicieron posible este evento. Juntos, estamos sembrando las semillas de un cambio positivo que beneficiar\u00e1 a generaciones futuras.  <\/p>\n\n\n\n<figure class=\"wp-block-image size-full\"><img loading=\"lazy\" decoding=\"async\" width=\"250\" height=\"188\" src=\"https:\/\/deming.edu.ec\/blog\/wp-content\/uploads\/2024\/12\/image-3.png\" alt=\"\" class=\"wp-image-621\" \/><\/figure>\n\n\n\n<figure class=\"wp-block-image size-full\"><img loading=\"lazy\" decoding=\"async\" width=\"250\" height=\"188\" src=\"https:\/\/deming.edu.ec\/blog\/wp-content\/uploads\/2024\/12\/image-4.png\" alt=\"\" class=\"wp-image-622\" \/><\/figure>\n\n\n\n<figure class=\"wp-block-image size-full\"><img loading=\"lazy\" decoding=\"async\" width=\"250\" height=\"188\" src=\"https:\/\/deming.edu.ec\/blog\/wp-content\/uploads\/2024\/12\/image-5.png\" alt=\"\" class=\"wp-image-623\" \/><\/figure>\n\n\n\n<figure class=\"wp-block-image size-full\"><img loading=\"lazy\" decoding=\"async\" width=\"188\" height=\"187\" src=\"https:\/\/deming.edu.ec\/blog\/wp-content\/uploads\/2024\/12\/image-6.png\" alt=\"\" class=\"wp-image-624\" srcset=\"https:\/\/deming.edu.ec\/blog\/wp-content\/uploads\/2024\/12\/image-6.png 188w, https:\/\/deming.edu.ec\/blog\/wp-content\/uploads\/2024\/12\/image-6-150x150.png 150w\" sizes=\"(max-width: 188px) 100vw, 188px\" \/><\/figure>\n\n\n\n<figure class=\"wp-block-image size-full\"><img loading=\"lazy\" decoding=\"async\" width=\"188\" height=\"187\" src=\"https:\/\/deming.edu.ec\/blog\/wp-content\/uploads\/2024\/12\/image-7.png\" alt=\"\" class=\"wp-image-625\" srcset=\"https:\/\/deming.edu.ec\/blog\/wp-content\/uploads\/2024\/12\/image-7.png 188w, https:\/\/deming.edu.ec\/blog\/wp-content\/uploads\/2024\/12\/image-7-150x150.png 150w\" sizes=\"(max-width: 188px) 100vw, 188px\" \/><\/figure>\n","protected":false},"excerpt":{"rendered":"<p>El 29 de junio de 2024, se llev\u00f3 a cabo un taller excepcional en la provincia de Los R\u00edos, Ecuador, en el marco del proyecto de Habilidades Blandas ISTUCED, una iniciativa destinada a&hellip;<\/p>\n<p> <a class=\"more-link\" href=\"https:\/\/deming.edu.ec\/blog\/index.php\/2024\/07\/03\/taller-de-habilidades-blandas-en-los-rios-un-camino-hacia-el-desarrollo-social\/\">Read more<\/a><\/p>\n","protected":false},"author":8,"featured_media":620,"comment_status":"open","ping_status":"open","sticky":false,"template":"","format":"standard","meta":{"footnotes":""},"categories":[2,38],"tags":[],"_links":{"self":[{"href":"https:\/\/deming.edu.ec\/blog\/index.php\/wp-json\/wp\/v2\/posts\/618"}],"collection":[{"href":"https:\/\/deming.edu.ec\/blog\/index.php\/wp-json\/wp\/v2\/posts"}],"about":[{"href":"https:\/\/deming.edu.ec\/blog\/index.php\/wp-json\/wp\/v2\/types\/post"}],"author":[{"embeddable":true,"href":"https:\/\/deming.edu.ec\/blog\/index.php\/wp-json\/wp\/v2\/users\/8"}],"replies":[{"embeddable":true,"href":"https:\/\/deming.edu.ec\/blog\/index.php\/wp-json\/wp\/v2\/comments?post=618"}],"version-history":[{"count":1,"href":"https:\/\/deming.edu.ec\/blog\/index.php\/wp-json\/wp\/v2\/posts\/618\/revisions"}],"predecessor-version":[{"id":626,"href":"https:\/\/deming.edu.ec\/blog\/index.php\/wp-json\/wp\/v2\/posts\/618\/revisions\/626"}],"wp:featuredmedia":[{"embeddable":true,"href":"https:\/\/deming.edu.ec\/blog\/index.php\/wp-json\/wp\/v2\/media\/620"}],"wp:attachment":[{"href":"https:\/\/deming.edu.ec\/blog\/index.php\/wp-json\/wp\/v2\/media?parent=618"}],"wp:term":[{"taxonomy":"category","embeddable":true,"href":"https:\/\/deming.edu.ec\/blog\/index.php\/wp-json\/wp\/v2\/categories?post=618"},{"taxonomy":"post_tag","embeddable":true,"href":"https:\/\/deming.edu.ec\/blog\/index.php\/wp-json\/wp\/v2\/tags?post=618"}],"curies":[{"name":"wp","href":"https:\/\/api.w.org\/{rel}","templated":true}]}}