{"id":639,"date":"2024-10-22T18:29:00","date_gmt":"2024-10-22T18:29:00","guid":{"rendered":"https:\/\/deming.edu.ec\/blog\/?p=639"},"modified":"2025-01-07T15:55:41","modified_gmt":"2025-01-07T15:55:41","slug":"taller-de-habilidades-blandas-istuced-en-tumbaco","status":"publish","type":"post","link":"https:\/\/deming.edu.ec\/blog\/index.php\/2024\/10\/22\/taller-de-habilidades-blandas-istuced-en-tumbaco\/","title":{"rendered":"Taller de habilidades blandas ISTUCED en Tumbaco"},"content":{"rendered":"\n<p><strong>Fecha:<\/strong>&nbsp;18 de octubre de 2024<br><strong>Participantes:<\/strong>&nbsp;120 personas<\/p>\n\n\n\n<p>El pasado 18 de octubre de 2024, el Instituto Superior Tecnol\u00f3gico Universitario Corporativo Edwards Deming (ISTUCED) llev\u00f3 a cabo un taller transformador en Tumbaco, en el marco de su proyecto de Habilidades Blandas. Con la participaci\u00f3n de 120 personas, el evento se convirti\u00f3 en un espacio din\u00e1mico de aprendizaje, reflexi\u00f3n y crecimiento personal y profesional.<\/p>\n\n\n\n<p>Este taller altamente interactivo, permiti\u00f3 a los participantes involucrarse activamente en diversas actividades y ejercicios pr\u00e1cticos. La docente facilitadora experta Maritza Bilbao Canelos gui\u00f3 a los asistentes a trav\u00e9s de sesiones que abordaron temas como:<\/p>\n\n\n\n<ul>\n<li><strong>Comunicaci\u00f3n efectiva<\/strong> desarrollando estrategias para mejorar la escucha activa y la expresi\u00f3n de ideas de manera clara y concisa.<\/li>\n\n\n\n<li><strong>Trabajo en equipo<\/strong> a trav\u00e9s de din\u00e1micas grupales que fomentaron la colaboraci\u00f3n y el entendimiento mutuo.<\/li>\n\n\n\n<li><strong>Resoluci\u00f3n de conflictos<\/strong> mediante t\u00e9cnicas para abordar desacuerdos y encontrar soluciones constructivas.<\/li>\n\n\n\n<li><strong>Empat\u00eda y liderazgo<\/strong> puntualizando la importancia de ponerse en el lugar del otro y c\u00f3mo esto puede fortalecer el liderazgo.<\/li>\n<\/ul>\n\n\n\n<p>Los participantes tambi\u00e9n tuvieron la oportunidad de compartir sus experiencias y aprender unos de otros, creando una colaboraci\u00f3n que se extendi\u00f3 m\u00e1s all\u00e1 del taller.<\/p>\n\n\n\n<p>El ISTUCED se compromete a continuar promoviendo el desarrollo de habilidades blandas en la comunidad. Este taller es solo una de las muchas iniciativas que se est\u00e1n llevando a cabo para preparar a los individuos para un mundo laboral en constante cambio. A trav\u00e9s de la capacitaci\u00f3n continua y el aprendizaje colaborativo, se espera que los participantes apliquen lo aprendido en sus entornos laborales y personales, mejorando as\u00ed su calidad de vida y contribuyendo al desarrollo de sus comunidades.<\/p>\n\n\n\n<p>Si deseas unirte a futuros talleres o conocer m\u00e1s sobre el proyecto de Habilidades Blandas del ISTUCED, no dudes en contactarnos. Juntos, podemos seguir construyendo un futuro donde las habilidades blandas sean una prioridad en la educaci\u00f3n y el desarrollo profesional.<\/p>\n\n\n\n<p>\u00a1Te esperamos en nuestra pr\u00f3xima edici\u00f3n!<\/p>\n\n\n\n<figure class=\"wp-block-image size-full\"><img loading=\"lazy\" decoding=\"async\" width=\"188\" height=\"250\" src=\"https:\/\/deming.edu.ec\/blog\/wp-content\/uploads\/2024\/12\/image-14.png\" alt=\"\" class=\"wp-image-640\" \/><\/figure>\n\n\n\n<figure class=\"wp-block-image size-full\"><img loading=\"lazy\" decoding=\"async\" width=\"188\" height=\"250\" src=\"https:\/\/deming.edu.ec\/blog\/wp-content\/uploads\/2024\/12\/image-15.png\" alt=\"\" class=\"wp-image-641\" \/><\/figure>\n\n\n\n<figure class=\"wp-block-image size-full\"><img loading=\"lazy\" decoding=\"async\" width=\"188\" height=\"250\" src=\"https:\/\/deming.edu.ec\/blog\/wp-content\/uploads\/2024\/12\/image-16.png\" alt=\"\" class=\"wp-image-642\" \/><\/figure>\n\n\n\n<figure class=\"wp-block-image size-full\"><img loading=\"lazy\" decoding=\"async\" width=\"250\" height=\"241\" src=\"https:\/\/deming.edu.ec\/blog\/wp-content\/uploads\/2024\/12\/image-17.png\" alt=\"\" class=\"wp-image-643\" \/><\/figure>\n\n\n\n<figure class=\"wp-block-image size-full\"><img loading=\"lazy\" decoding=\"async\" width=\"250\" height=\"188\" src=\"https:\/\/deming.edu.ec\/blog\/wp-content\/uploads\/2024\/12\/image-18.png\" alt=\"\" class=\"wp-image-644\" \/><\/figure>\n\n\n\n<figure class=\"wp-block-image size-full\"><img loading=\"lazy\" decoding=\"async\" width=\"250\" height=\"188\" src=\"https:\/\/deming.edu.ec\/blog\/wp-content\/uploads\/2024\/12\/image-19.png\" alt=\"\" class=\"wp-image-645\" \/><\/figure>\n","protected":false},"excerpt":{"rendered":"<p>Fecha:&nbsp;18 de octubre de 2024Participantes:&nbsp;120 personas El pasado 18 de octubre de 2024, el Instituto Superior Tecnol\u00f3gico Universitario Corporativo Edwards Deming (ISTUCED) llev\u00f3 a cabo un taller transformador en Tumbaco, en el marco&hellip;<\/p>\n<p> <a class=\"more-link\" href=\"https:\/\/deming.edu.ec\/blog\/index.php\/2024\/10\/22\/taller-de-habilidades-blandas-istuced-en-tumbaco\/\">Read more<\/a><\/p>\n","protected":false},"author":8,"featured_media":642,"comment_status":"open","ping_status":"open","sticky":false,"template":"","format":"standard","meta":{"footnotes":""},"categories":[2,38],"tags":[],"_links":{"self":[{"href":"https:\/\/deming.edu.ec\/blog\/index.php\/wp-json\/wp\/v2\/posts\/639"}],"collection":[{"href":"https:\/\/deming.edu.ec\/blog\/index.php\/wp-json\/wp\/v2\/posts"}],"about":[{"href":"https:\/\/deming.edu.ec\/blog\/index.php\/wp-json\/wp\/v2\/types\/post"}],"author":[{"embeddable":true,"href":"https:\/\/deming.edu.ec\/blog\/index.php\/wp-json\/wp\/v2\/users\/8"}],"replies":[{"embeddable":true,"href":"https:\/\/deming.edu.ec\/blog\/index.php\/wp-json\/wp\/v2\/comments?post=639"}],"version-history":[{"count":1,"href":"https:\/\/deming.edu.ec\/blog\/index.php\/wp-json\/wp\/v2\/posts\/639\/revisions"}],"predecessor-version":[{"id":646,"href":"https:\/\/deming.edu.ec\/blog\/index.php\/wp-json\/wp\/v2\/posts\/639\/revisions\/646"}],"wp:featuredmedia":[{"embeddable":true,"href":"https:\/\/deming.edu.ec\/blog\/index.php\/wp-json\/wp\/v2\/media\/642"}],"wp:attachment":[{"href":"https:\/\/deming.edu.ec\/blog\/index.php\/wp-json\/wp\/v2\/media?parent=639"}],"wp:term":[{"taxonomy":"category","embeddable":true,"href":"https:\/\/deming.edu.ec\/blog\/index.php\/wp-json\/wp\/v2\/categories?post=639"},{"taxonomy":"post_tag","embeddable":true,"href":"https:\/\/deming.edu.ec\/blog\/index.php\/wp-json\/wp\/v2\/tags?post=639"}],"curies":[{"name":"wp","href":"https:\/\/api.w.org\/{rel}","templated":true}]}}