{"id":647,"date":"2024-12-01T18:41:23","date_gmt":"2024-12-01T18:41:23","guid":{"rendered":"https:\/\/deming.edu.ec\/blog\/?p=647"},"modified":"2025-01-07T15:56:42","modified_gmt":"2025-01-07T15:56:42","slug":"taller-de-habilidades-blandas-en-ambato-potenciando-el-talento-humano","status":"publish","type":"post","link":"https:\/\/deming.edu.ec\/blog\/index.php\/2024\/12\/01\/taller-de-habilidades-blandas-en-ambato-potenciando-el-talento-humano\/","title":{"rendered":"Taller de habilidades blandas en Ambato: potenciando el Talento Humano"},"content":{"rendered":"\n<p>El 29 de noviembre de 2024, Ambato se convirti\u00f3 en el escenario de un taller para desarrollar habilidades blandas organizado por el  ISTUCED. Este evento reuni\u00f3 a 190 participantes, quienes se embarcaron en un viaje de aprendizaje y crecimiento personal, enfocado en el desarrollo de competencias esenciales para el \u00e1mbito laboral y la vida cotidiana.<\/p>\n\n\n\n<p>El taller, dise\u00f1ado por expertos en formaci\u00f3n y desarrollo personal, tuvo como objetivo equipar a los asistentes con herramientas pr\u00e1cticas que les permitan mejorar su desempe\u00f1o en diversas \u00e1reas. Desde estudiantes hasta profesionales en activo, la diversidad de los participantes enriqueci\u00f3 las din\u00e1micas del taller, fomentando un ambiente colaborativo y de aprendizaje mutuo.<\/p>\n\n\n\n<p>El programa del taller incluy\u00f3 diversas actividades interactivas, tales como:<\/p>\n\n\n\n<ol>\n<li><strong>Din\u00e1micas de grupo<\/strong>: Se realizaron ejercicios en equipo que promovieron la comunicaci\u00f3n y el trabajo colaborativo, permitiendo a los participantes experimentar la importancia de escuchar y valorar las opiniones de los dem\u00e1s.<\/li>\n\n\n\n<li><strong>Role-playing<\/strong>: A trav\u00e9s de juegos de rol, los asistentes tuvieron la oportunidad de enfrentarse a situaciones laborales comunes, lo que les permiti\u00f3 practicar la resoluci\u00f3n de conflictos y la toma de decisiones en un entorno seguro.<\/li>\n\n\n\n<li><strong>Charlas inspiradoras<\/strong>: Expertos en desarrollo personal y coaching compartieron sus experiencias y estrategias para cultivar habilidades blandas en la vida diaria, motivando a los participantes a aplicar lo aprendido en su entorno acad\u00e9mico y profesional.<\/li>\n\n\n\n<li><strong>Evaluaciones personales<\/strong>: Los asistentes se involucraron en ejercicios de autoevaluaci\u00f3n que les permitieron identificar sus fortalezas y \u00e1reas de mejora, estableciendo un plan de acci\u00f3n para su desarrollo personal.<\/li>\n<\/ol>\n\n\n\n<p>El taller de habilidades blandas en Ambato no solo benefici\u00f3 a los 190 participantes, sino que tambi\u00e9n tuvo un impacto positivo en la comunidad en general. Al fomentar el desarrollo de competencias interpersonales, se contribuye a la creaci\u00f3n de un entorno laboral m\u00e1s colaborativo y eficiente, as\u00ed como a la mejora de las relaciones interpersonales en diversos \u00e1mbitos.<\/p>\n\n\n\n<p>El ISTUCED, al liderar esta iniciativa, reafirma su compromiso con la formaci\u00f3n integral de sus estudiantes y la comunidad en general. La inversi\u00f3n en habilidades blandas es una inversi\u00f3n en el futuro, pues estas competencias son cada vez m\u00e1s valoradas por los empleadores y son clave para el \u00e9xito profesional.<\/p>\n\n\n\n<p>La formaci\u00f3n en habilidades blandas continuar\u00e1 siendo una prioridad para el ISTUCED asegurando que las futuras generaciones est\u00e9n equipadas para liderar y colaborar en un mundo en constante cambio. \u00a1El futuro es brillante y est\u00e1 en manos de quienes est\u00e1n dispuestos a aprender y crecer!<\/p>\n\n\n\n<figure class=\"wp-block-image size-full\"><img loading=\"lazy\" decoding=\"async\" width=\"283\" height=\"264\" src=\"https:\/\/deming.edu.ec\/blog\/wp-content\/uploads\/2024\/12\/image-20.png\" alt=\"\" class=\"wp-image-648\" \/><\/figure>\n\n\n\n<figure class=\"wp-block-image size-full\"><img loading=\"lazy\" decoding=\"async\" width=\"266\" height=\"263\" src=\"https:\/\/deming.edu.ec\/blog\/wp-content\/uploads\/2024\/12\/image-21.png\" alt=\"\" class=\"wp-image-649\" \/><\/figure>\n\n\n\n<figure class=\"wp-block-image size-full\"><img loading=\"lazy\" decoding=\"async\" width=\"197\" height=\"263\" src=\"https:\/\/deming.edu.ec\/blog\/wp-content\/uploads\/2024\/12\/image-22.png\" alt=\"\" class=\"wp-image-650\" \/><\/figure>\n","protected":false},"excerpt":{"rendered":"<p>El 29 de noviembre de 2024, Ambato se convirti\u00f3 en el escenario de un taller para desarrollar habilidades blandas organizado por el ISTUCED. Este evento reuni\u00f3 a 190 participantes, quienes se embarcaron en&hellip;<\/p>\n<p> <a class=\"more-link\" href=\"https:\/\/deming.edu.ec\/blog\/index.php\/2024\/12\/01\/taller-de-habilidades-blandas-en-ambato-potenciando-el-talento-humano\/\">Read more<\/a><\/p>\n","protected":false},"author":8,"featured_media":649,"comment_status":"open","ping_status":"open","sticky":false,"template":"","format":"standard","meta":{"footnotes":""},"categories":[2,38],"tags":[],"_links":{"self":[{"href":"https:\/\/deming.edu.ec\/blog\/index.php\/wp-json\/wp\/v2\/posts\/647"}],"collection":[{"href":"https:\/\/deming.edu.ec\/blog\/index.php\/wp-json\/wp\/v2\/posts"}],"about":[{"href":"https:\/\/deming.edu.ec\/blog\/index.php\/wp-json\/wp\/v2\/types\/post"}],"author":[{"embeddable":true,"href":"https:\/\/deming.edu.ec\/blog\/index.php\/wp-json\/wp\/v2\/users\/8"}],"replies":[{"embeddable":true,"href":"https:\/\/deming.edu.ec\/blog\/index.php\/wp-json\/wp\/v2\/comments?post=647"}],"version-history":[{"count":1,"href":"https:\/\/deming.edu.ec\/blog\/index.php\/wp-json\/wp\/v2\/posts\/647\/revisions"}],"predecessor-version":[{"id":651,"href":"https:\/\/deming.edu.ec\/blog\/index.php\/wp-json\/wp\/v2\/posts\/647\/revisions\/651"}],"wp:featuredmedia":[{"embeddable":true,"href":"https:\/\/deming.edu.ec\/blog\/index.php\/wp-json\/wp\/v2\/media\/649"}],"wp:attachment":[{"href":"https:\/\/deming.edu.ec\/blog\/index.php\/wp-json\/wp\/v2\/media?parent=647"}],"wp:term":[{"taxonomy":"category","embeddable":true,"href":"https:\/\/deming.edu.ec\/blog\/index.php\/wp-json\/wp\/v2\/categories?post=647"},{"taxonomy":"post_tag","embeddable":true,"href":"https:\/\/deming.edu.ec\/blog\/index.php\/wp-json\/wp\/v2\/tags?post=647"}],"curies":[{"name":"wp","href":"https:\/\/api.w.org\/{rel}","templated":true}]}}