{"id":652,"date":"2024-07-30T15:57:00","date_gmt":"2024-07-30T15:57:00","guid":{"rendered":"https:\/\/deming.edu.ec\/blog\/?p=652"},"modified":"2025-01-07T15:58:14","modified_gmt":"2025-01-07T15:58:14","slug":"proyecto-de-reforestacion-i-en-la-provincia-napo-archidona","status":"publish","type":"post","link":"https:\/\/deming.edu.ec\/blog\/index.php\/2024\/07\/30\/proyecto-de-reforestacion-i-en-la-provincia-napo-archidona\/","title":{"rendered":"Proyecto de reforestaci\u00f3n I en la provincia Napo, Archidona"},"content":{"rendered":"\n<p>El pasado jueves 25 de julio de 2024, la comunidad del cant\u00f3n Archidona, espec\u00edficamente en el sector 5 de octubre, se uni\u00f3 para llevar a cabo un ambicioso proyecto de reforestaci\u00f3n que busca restaurar y revitalizar el entorno natural de la regi\u00f3n. Esta iniciativa no solo tiene como objetivo la siembra de 1000 plantas, sino que tambi\u00e9n promueve la participaci\u00f3n activa de la comunidad, la educaci\u00f3n ambiental y el compromiso con el desarrollo sostenible.<\/p>\n\n\n\n<p>Las labores comenzaron del 17 al 20 de julio, cuando un grupo entusiasta de docentes y estudiantes de la instituci\u00f3n educativa Deming, junto a integrantes de la comunidad, se reuni\u00f3 para limpiar el \u00e1rea de intervenci\u00f3n, que abarca 1,50 hect\u00e1reas en el predio conocido como \u00abPiedra Grande\u00bb. Esta limpieza fue fundamental para garantizar que el terreno est\u00e9 listo para la siembra, eliminando malezas y prepar\u00e1ndolo para recibir las nuevas plantas.<\/p>\n\n\n\n<p>El trabajo en equipo fue clave durante estos d\u00edas, ya que se gener\u00f3 un ambiente de colaboraci\u00f3n y aprendizaje. Los participantes tuvieron la oportunidad de conocer de cerca la importancia de la reforestaci\u00f3n y su impacto en el medio ambiente, lo que constituye una experiencia valiosa que trasciende las aulas.<\/p>\n\n\n\n<p>El d\u00eda de la siembra, el entusiasmo era palpable. Con el apoyo de la comunidad de Archidona, se plantaron 1000 ejemplares de frutales y maderables en una superficie de 1,30 hect\u00e1reas. Estas especies fueron seleccionadas cuidadosamente, no solo por su capacidad de adaptarse al entorno local, sino tambi\u00e9n por sus beneficios ecol\u00f3gicos, econ\u00f3micos y sociales.<\/p>\n\n\n\n<p>Entre las especies plantadas se encuentran \u00e1rboles que proporcionar\u00e1n sombra, alimentos y h\u00e1bitats para la fauna local, as\u00ed como especies maderables que contribuir\u00e1n a la econom\u00eda familiar en el futuro. Este enfoque integral asegura que el proyecto tenga un impacto positivo y duradero en la comunidad.<\/p>\n\n\n\n<p>La participaci\u00f3n activa de la comunidad de Archidona ha sido un pilar fundamental en el desarrollo de este proyecto. Docentes, estudiantes y vecinos se unieron para trabajar codo a codo, demostrando que la reforestaci\u00f3n es una responsabilidad compartida. Este tipo de iniciativas no solo fomentan el sentido de pertenencia y el compromiso con el medio ambiente, sino que tambi\u00e9n fortalecen los lazos comunitarios.<\/p>\n\n\n\n<p>Adem\u00e1s, los participantes aprendieron sobre la importancia de la biodiversidad y la conservaci\u00f3n de los recursos naturales, as\u00ed como sobre t\u00e9cnicas de cuidado y mantenimiento de las plantas sembradas, lo que asegura que su esfuerzo no se detenga con la siembra, sino que contin\u00fae en el tiempo.<\/p>\n\n\n\n<p>El proyecto de reforestaci\u00f3n en Archidona es solo el comienzo de una serie de iniciativas que se espera que sigan promoviendo el cuidado del medio ambiente en la provincia Napo. La siembra de estas 1000 plantas no solo representa un paso hacia la restauraci\u00f3n del ecosistema local, sino tambi\u00e9n un compromiso con las futuras generaciones para que vivan en un entorno m\u00e1s saludable y equilibrado.<\/p>\n\n\n\n<p>La comunidad, junto con las organizaciones ambientales, busca seguir trabajando en proyectos similares, contribuyendo a la lucha contra el cambio clim\u00e1tico y fomentando un desarrollo sostenible en la regi\u00f3n.<\/p>\n\n\n\n<p>Este proyecto es un claro ejemplo de que, cuando nos unimos por una causa com\u00fan, podemos hacer una diferencia significativa en nuestro entorno. \u00a1Sigamos trabajando juntos por un Ecuador m\u00e1s verde y sostenible!<\/p>\n\n\n\n<figure class=\"wp-block-image size-full\"><img loading=\"lazy\" decoding=\"async\" width=\"357\" height=\"203\" src=\"https:\/\/deming.edu.ec\/blog\/wp-content\/uploads\/2024\/12\/image-23.png\" alt=\"\" class=\"wp-image-653\" srcset=\"https:\/\/deming.edu.ec\/blog\/wp-content\/uploads\/2024\/12\/image-23.png 357w, https:\/\/deming.edu.ec\/blog\/wp-content\/uploads\/2024\/12\/image-23-300x171.png 300w\" sizes=\"(max-width: 357px) 100vw, 357px\" \/><\/figure>\n\n\n\n<figure class=\"wp-block-image size-full\"><img loading=\"lazy\" decoding=\"async\" width=\"482\" height=\"273\" src=\"https:\/\/deming.edu.ec\/blog\/wp-content\/uploads\/2024\/12\/image-24.png\" alt=\"\" class=\"wp-image-654\" srcset=\"https:\/\/deming.edu.ec\/blog\/wp-content\/uploads\/2024\/12\/image-24.png 482w, https:\/\/deming.edu.ec\/blog\/wp-content\/uploads\/2024\/12\/image-24-300x170.png 300w\" sizes=\"(max-width: 482px) 100vw, 482px\" \/><\/figure>\n\n\n\n<figure class=\"wp-block-image size-full\"><img loading=\"lazy\" decoding=\"async\" width=\"472\" height=\"267\" src=\"https:\/\/deming.edu.ec\/blog\/wp-content\/uploads\/2024\/12\/image-26.png\" alt=\"\" class=\"wp-image-656\" srcset=\"https:\/\/deming.edu.ec\/blog\/wp-content\/uploads\/2024\/12\/image-26.png 472w, https:\/\/deming.edu.ec\/blog\/wp-content\/uploads\/2024\/12\/image-26-300x170.png 300w\" sizes=\"(max-width: 472px) 100vw, 472px\" \/><\/figure>\n\n\n\n<figure class=\"wp-block-image size-full\"><img loading=\"lazy\" decoding=\"async\" width=\"462\" height=\"262\" src=\"https:\/\/deming.edu.ec\/blog\/wp-content\/uploads\/2024\/12\/image-27.png\" alt=\"\" class=\"wp-image-657\" srcset=\"https:\/\/deming.edu.ec\/blog\/wp-content\/uploads\/2024\/12\/image-27.png 462w, https:\/\/deming.edu.ec\/blog\/wp-content\/uploads\/2024\/12\/image-27-300x170.png 300w\" sizes=\"(max-width: 462px) 100vw, 462px\" \/><\/figure>\n\n\n\n<figure class=\"wp-block-image size-full\"><img loading=\"lazy\" decoding=\"async\" width=\"323\" height=\"309\" src=\"https:\/\/deming.edu.ec\/blog\/wp-content\/uploads\/2024\/12\/image-28.png\" alt=\"\" class=\"wp-image-658\" srcset=\"https:\/\/deming.edu.ec\/blog\/wp-content\/uploads\/2024\/12\/image-28.png 323w, https:\/\/deming.edu.ec\/blog\/wp-content\/uploads\/2024\/12\/image-28-300x287.png 300w\" sizes=\"(max-width: 323px) 100vw, 323px\" \/><\/figure>\n\n\n\n<figure class=\"wp-block-image size-full\"><img loading=\"lazy\" decoding=\"async\" width=\"341\" height=\"311\" src=\"https:\/\/deming.edu.ec\/blog\/wp-content\/uploads\/2024\/12\/image-29.png\" alt=\"\" class=\"wp-image-659\" srcset=\"https:\/\/deming.edu.ec\/blog\/wp-content\/uploads\/2024\/12\/image-29.png 341w, https:\/\/deming.edu.ec\/blog\/wp-content\/uploads\/2024\/12\/image-29-300x274.png 300w\" sizes=\"(max-width: 341px) 100vw, 341px\" \/><\/figure>\n\n\n\n<figure class=\"wp-block-image size-full\"><img loading=\"lazy\" decoding=\"async\" width=\"343\" height=\"315\" src=\"https:\/\/deming.edu.ec\/blog\/wp-content\/uploads\/2024\/12\/image-30.png\" alt=\"\" class=\"wp-image-660\" srcset=\"https:\/\/deming.edu.ec\/blog\/wp-content\/uploads\/2024\/12\/image-30.png 343w, https:\/\/deming.edu.ec\/blog\/wp-content\/uploads\/2024\/12\/image-30-300x276.png 300w\" sizes=\"(max-width: 343px) 100vw, 343px\" \/><\/figure>\n\n\n\n<figure class=\"wp-block-image size-full\"><img loading=\"lazy\" decoding=\"async\" width=\"310\" height=\"326\" src=\"https:\/\/deming.edu.ec\/blog\/wp-content\/uploads\/2024\/12\/image-31.png\" alt=\"\" class=\"wp-image-661\" srcset=\"https:\/\/deming.edu.ec\/blog\/wp-content\/uploads\/2024\/12\/image-31.png 310w, https:\/\/deming.edu.ec\/blog\/wp-content\/uploads\/2024\/12\/image-31-285x300.png 285w\" sizes=\"(max-width: 310px) 100vw, 310px\" \/><\/figure>\n","protected":false},"excerpt":{"rendered":"<p>El pasado jueves 25 de julio de 2024, la comunidad del cant\u00f3n Archidona, espec\u00edficamente en el sector 5 de octubre, se uni\u00f3 para llevar a cabo un ambicioso proyecto de reforestaci\u00f3n que busca&hellip;<\/p>\n<p> <a class=\"more-link\" href=\"https:\/\/deming.edu.ec\/blog\/index.php\/2024\/07\/30\/proyecto-de-reforestacion-i-en-la-provincia-napo-archidona\/\">Read more<\/a><\/p>\n","protected":false},"author":8,"featured_media":657,"comment_status":"open","ping_status":"open","sticky":false,"template":"","format":"standard","meta":{"footnotes":""},"categories":[2,38],"tags":[],"_links":{"self":[{"href":"https:\/\/deming.edu.ec\/blog\/index.php\/wp-json\/wp\/v2\/posts\/652"}],"collection":[{"href":"https:\/\/deming.edu.ec\/blog\/index.php\/wp-json\/wp\/v2\/posts"}],"about":[{"href":"https:\/\/deming.edu.ec\/blog\/index.php\/wp-json\/wp\/v2\/types\/post"}],"author":[{"embeddable":true,"href":"https:\/\/deming.edu.ec\/blog\/index.php\/wp-json\/wp\/v2\/users\/8"}],"replies":[{"embeddable":true,"href":"https:\/\/deming.edu.ec\/blog\/index.php\/wp-json\/wp\/v2\/comments?post=652"}],"version-history":[{"count":3,"href":"https:\/\/deming.edu.ec\/blog\/index.php\/wp-json\/wp\/v2\/posts\/652\/revisions"}],"predecessor-version":[{"id":677,"href":"https:\/\/deming.edu.ec\/blog\/index.php\/wp-json\/wp\/v2\/posts\/652\/revisions\/677"}],"wp:featuredmedia":[{"embeddable":true,"href":"https:\/\/deming.edu.ec\/blog\/index.php\/wp-json\/wp\/v2\/media\/657"}],"wp:attachment":[{"href":"https:\/\/deming.edu.ec\/blog\/index.php\/wp-json\/wp\/v2\/media?parent=652"}],"wp:term":[{"taxonomy":"category","embeddable":true,"href":"https:\/\/deming.edu.ec\/blog\/index.php\/wp-json\/wp\/v2\/categories?post=652"},{"taxonomy":"post_tag","embeddable":true,"href":"https:\/\/deming.edu.ec\/blog\/index.php\/wp-json\/wp\/v2\/tags?post=652"}],"curies":[{"name":"wp","href":"https:\/\/api.w.org\/{rel}","templated":true}]}}