{"id":664,"date":"2024-09-30T20:30:00","date_gmt":"2024-09-30T20:30:00","guid":{"rendered":"https:\/\/deming.edu.ec\/blog\/?p=664"},"modified":"2025-01-07T15:59:11","modified_gmt":"2025-01-07T15:59:11","slug":"proyecto-de-reforestacion-ii-napo-archidona","status":"publish","type":"post","link":"https:\/\/deming.edu.ec\/blog\/index.php\/2024\/09\/30\/proyecto-de-reforestacion-ii-napo-archidona\/","title":{"rendered":"Proyecto de reforestaci\u00f3n II Napo, Archidona"},"content":{"rendered":"\n<p>En el coraz\u00f3n de la provincia de Napo, espec\u00edficamente en el cant\u00f3n Archidona, se encuentra una de las iniciativas de reforestaci\u00f3n m\u00e1s significativas de la regi\u00f3n. Este proyecto, que abarca las \u00e1reas de los sectores 5 de Octubre y Sinchi Sacha, tiene como objetivo principal la recuperaci\u00f3n y mantenimiento de los ecosistemas locales, promoviendo la biodiversidad y contribuyendo a la lucha contra el cambio clim\u00e1tico.<\/p>\n\n\n\n<p>Entre el 24 y el 26 de septiembre, as\u00ed como los d\u00edas 1, 2, 3, 8, 9 y 10 de octubre de 2024, se llevar\u00e1n a cabo una serie de actividades de mantenimiento en los predios conocidos como Piedra Grande e Isla Bonita. Estas actividades son cruciales para asegurar el crecimiento y la salud de las \u00e1reas reforestadas, y se centran en la limpieza y el mantenimiento de tres hect\u00e1reas en el sector Sinchi Sacha.<\/p>\n\n\n\n<p>Las jornadas de mantenimiento se enfocar\u00e1n en la limpieza del \u00e1rea reforestada en el sector 5 de Octubre, as\u00ed como en la zona de Socole. Este proceso implica:<\/p>\n\n\n\n<ol>\n<li><strong>Limpieza de la Vegetaci\u00f3n<\/strong>: Se eliminar\u00e1n las malas hierbas y la vegetaci\u00f3n no deseada que pueda competir con las especies nativas plantadas. Esto permitir\u00e1 que los \u00e1rboles j\u00f3venes tengan acceso a los nutrientes y la luz solar que necesitan para crecer.<\/li>\n\n\n\n<li><strong>Revisi\u00f3n de la Salud de las Plantas<\/strong>: Los voluntarios y trabajadores revisar\u00e1n el estado de los \u00e1rboles y plantas reforestadas, identificando cualquier signo de enfermedad o plaga. De ser necesario, se tomar\u00e1n las medidas adecuadas para proteger la flora local.<\/li>\n\n\n\n<li><strong>Fortalecimiento de la Comunidad<\/strong>: Este proyecto no solo se trata de reforestar, sino tambi\u00e9n de involucrar a la comunidad local. Se organizar\u00e1n charlas y talleres para educar a los participantes sobre la importancia de la reforestaci\u00f3n y la conservaci\u00f3n del medio ambiente.<\/li>\n\n\n\n<li><strong>Monitoreo del Progreso<\/strong>: Se establecer\u00e1n m\u00e9tricas para evaluar el \u00e9xito del proyecto a lo largo del tiempo, asegurando que las \u00e1reas reforestadas sigan prosperando.<\/li>\n<\/ol>\n\n\n\n<p>La provincia de Napo es conocida por su rica diversidad biol\u00f3gica y su belleza natural, y este proyecto busca preservar estos recursos para las futuras generaciones por lo que el mantenimiento de estas \u00e1reas reforestadas ayudar\u00e1 a mejorar la calidad del aire y del agua, y a proporcionar h\u00e1bitats para diversas especies de flora y fauna que dependen de estos ecosistemas.<\/p>\n\n\n\n<p>Si est\u00e1s interesado en formar parte de esta noble causa, hay varias formas en las que puedes colaborar. Desde participar como voluntario en las jornadas de mantenimiento, hasta contribuir con donaciones o simplemente difundiendo la importancia de la reforestaci\u00f3n en tus redes sociales.<\/p>\n\n\n\n<p>La reforestaci\u00f3n es una tarea que requiere el esfuerzo conjunto de todos. Cada acci\u00f3n cuenta y puede marcar la diferencia en la lucha por un planeta m\u00e1s saludable y sostenible. \u00a1\u00danete a nosotros en Archidona y s\u00e9 parte del cambio!<\/p>\n\n\n\n<p>La reforestaci\u00f3n en el cant\u00f3n Archidona es un ejemplo de c\u00f3mo las comunidades pueden unirse para proteger su entorno. A trav\u00e9s de actividades de mantenimiento y la participaci\u00f3n activa de la comunidad, este proyecto no solo busca recuperar los bosques, sino tambi\u00e9n fomentar un sentido de responsabilidad compartida hacia la conservaci\u00f3n de la naturaleza. Con cada \u00e1rbol que plantamos y cada hect\u00e1rea que mantenemos, estamos sembrando las semillas de un futuro m\u00e1s verde y sostenible.<\/p>\n\n\n\n<figure class=\"wp-block-image size-full is-resized\"><img loading=\"lazy\" decoding=\"async\" width=\"312\" height=\"414\" src=\"https:\/\/deming.edu.ec\/blog\/wp-content\/uploads\/2024\/12\/image-32.png\" alt=\"\" class=\"wp-image-665\" style=\"width:238px;height:auto\" srcset=\"https:\/\/deming.edu.ec\/blog\/wp-content\/uploads\/2024\/12\/image-32.png 312w, https:\/\/deming.edu.ec\/blog\/wp-content\/uploads\/2024\/12\/image-32-226x300.png 226w\" sizes=\"(max-width: 312px) 100vw, 312px\" \/><\/figure>\n\n\n\n<figure class=\"wp-block-image size-full is-resized\"><img loading=\"lazy\" decoding=\"async\" width=\"232\" height=\"410\" src=\"https:\/\/deming.edu.ec\/blog\/wp-content\/uploads\/2024\/12\/image-33.png\" alt=\"\" class=\"wp-image-666\" style=\"width:205px;height:auto\" srcset=\"https:\/\/deming.edu.ec\/blog\/wp-content\/uploads\/2024\/12\/image-33.png 232w, https:\/\/deming.edu.ec\/blog\/wp-content\/uploads\/2024\/12\/image-33-170x300.png 170w\" sizes=\"(max-width: 232px) 100vw, 232px\" \/><\/figure>\n\n\n\n<figure class=\"wp-block-image size-full is-resized\"><img loading=\"lazy\" decoding=\"async\" width=\"457\" height=\"259\" src=\"https:\/\/deming.edu.ec\/blog\/wp-content\/uploads\/2024\/12\/image-34.png\" alt=\"\" class=\"wp-image-667\" style=\"width:443px;height:auto\" srcset=\"https:\/\/deming.edu.ec\/blog\/wp-content\/uploads\/2024\/12\/image-34.png 457w, https:\/\/deming.edu.ec\/blog\/wp-content\/uploads\/2024\/12\/image-34-300x170.png 300w\" sizes=\"(max-width: 457px) 100vw, 457px\" \/><\/figure>\n\n\n\n<figure class=\"wp-block-image size-full\"><img loading=\"lazy\" decoding=\"async\" width=\"450\" height=\"256\" src=\"https:\/\/deming.edu.ec\/blog\/wp-content\/uploads\/2024\/12\/image-35.png\" alt=\"\" class=\"wp-image-668\" srcset=\"https:\/\/deming.edu.ec\/blog\/wp-content\/uploads\/2024\/12\/image-35.png 450w, https:\/\/deming.edu.ec\/blog\/wp-content\/uploads\/2024\/12\/image-35-300x171.png 300w\" sizes=\"(max-width: 450px) 100vw, 450px\" \/><\/figure>\n\n\n\n<figure class=\"wp-block-image size-full is-resized\"><img loading=\"lazy\" decoding=\"async\" width=\"769\" height=\"346\" src=\"https:\/\/deming.edu.ec\/blog\/wp-content\/uploads\/2024\/12\/image-36.png\" alt=\"\" class=\"wp-image-669\" style=\"width:446px;height:auto\" srcset=\"https:\/\/deming.edu.ec\/blog\/wp-content\/uploads\/2024\/12\/image-36.png 769w, https:\/\/deming.edu.ec\/blog\/wp-content\/uploads\/2024\/12\/image-36-300x135.png 300w\" sizes=\"(max-width: 769px) 100vw, 769px\" \/><\/figure>\n","protected":false},"excerpt":{"rendered":"<p>En el coraz\u00f3n de la provincia de Napo, espec\u00edficamente en el cant\u00f3n Archidona, se encuentra una de las iniciativas de reforestaci\u00f3n m\u00e1s significativas de la regi\u00f3n. Este proyecto, que abarca las \u00e1reas de&hellip;<\/p>\n<p> <a class=\"more-link\" href=\"https:\/\/deming.edu.ec\/blog\/index.php\/2024\/09\/30\/proyecto-de-reforestacion-ii-napo-archidona\/\">Read more<\/a><\/p>\n","protected":false},"author":8,"featured_media":667,"comment_status":"open","ping_status":"open","sticky":false,"template":"","format":"standard","meta":{"footnotes":""},"categories":[2,38],"tags":[],"_links":{"self":[{"href":"https:\/\/deming.edu.ec\/blog\/index.php\/wp-json\/wp\/v2\/posts\/664"}],"collection":[{"href":"https:\/\/deming.edu.ec\/blog\/index.php\/wp-json\/wp\/v2\/posts"}],"about":[{"href":"https:\/\/deming.edu.ec\/blog\/index.php\/wp-json\/wp\/v2\/types\/post"}],"author":[{"embeddable":true,"href":"https:\/\/deming.edu.ec\/blog\/index.php\/wp-json\/wp\/v2\/users\/8"}],"replies":[{"embeddable":true,"href":"https:\/\/deming.edu.ec\/blog\/index.php\/wp-json\/wp\/v2\/comments?post=664"}],"version-history":[{"count":3,"href":"https:\/\/deming.edu.ec\/blog\/index.php\/wp-json\/wp\/v2\/posts\/664\/revisions"}],"predecessor-version":[{"id":678,"href":"https:\/\/deming.edu.ec\/blog\/index.php\/wp-json\/wp\/v2\/posts\/664\/revisions\/678"}],"wp:featuredmedia":[{"embeddable":true,"href":"https:\/\/deming.edu.ec\/blog\/index.php\/wp-json\/wp\/v2\/media\/667"}],"wp:attachment":[{"href":"https:\/\/deming.edu.ec\/blog\/index.php\/wp-json\/wp\/v2\/media?parent=664"}],"wp:term":[{"taxonomy":"category","embeddable":true,"href":"https:\/\/deming.edu.ec\/blog\/index.php\/wp-json\/wp\/v2\/categories?post=664"},{"taxonomy":"post_tag","embeddable":true,"href":"https:\/\/deming.edu.ec\/blog\/index.php\/wp-json\/wp\/v2\/tags?post=664"}],"curies":[{"name":"wp","href":"https:\/\/api.w.org\/{rel}","templated":true}]}}