{"id":779,"date":"2024-07-06T15:08:46","date_gmt":"2024-07-06T15:08:46","guid":{"rendered":"https:\/\/deming.edu.ec\/blog\/?p=779"},"modified":"2025-02-24T15:09:22","modified_gmt":"2025-02-24T15:09:22","slug":"resultados-de-la-convocatoria-10-proyectos-vinculacion-con-la-sociedad","status":"publish","type":"post","link":"https:\/\/deming.edu.ec\/blog\/index.php\/2024\/07\/06\/resultados-de-la-convocatoria-10-proyectos-vinculacion-con-la-sociedad\/","title":{"rendered":"Resultados de la convocatoria 10 Proyectos Vinculaci\u00f3n con la Sociedad"},"content":{"rendered":"\n<p>Ayer 5 de julio culmin\u00f3 una convocatoria m\u00e1s de proyectos de Vinculaci\u00f3n con la Sociedad en nuestro ISTUCED, en esta ocasi\u00f3n participaron estudiantes de validaci\u00f3n de conocimientos los cuales desarrollaron cinco proyectos grupales de gran impacto, estos fueron:<\/p>\n\n\n\n<p>1- MEJORAMIENTO EN EL SERVICIO Y ATENCI\u00d3N DE LAS PERSONAS DE LA TERCERA EDAD DE LA FUNDACI\u00d3N CONSTRUYENDO SUE\u00d1OS EN LIBERTAD, MANAB\u00cd 2024 <\/p>\n\n\n\n<p>2- PROYECTO DE INFRAESTRUCTURA LOG\u00cdSTICA: CONSTRUCCI\u00d3N, APERTURA Y LASTRADO DE ACCESO A LA COMUNIDAD \u201cNUEVA ESPERANZA\u201d <\/p>\n\n\n\n<p>3- CAPACITACI\u00d3N Y SE\u00d1ALIZACI\u00d3N DE SEGURIDAD\u00a0 <\/p>\n\n\n\n<p>4- \u201cFortalecimiento de la Econom\u00eda Local a trav\u00e9s de la Digitalizaci\u00f3n y la Innovaci\u00f3n Administrativa\u201d <\/p>\n\n\n\n<p>5- PLAN ANUAL DE MONITOREO Y EVALUACI\u00d3N DE LA PRODUCCI\u00d3N DE TRITURADOS PARA LA TRITURADORA DE LA CONSTRUCTORA Y COMERCIALIZADORA RODIVAL S.A.<\/p>\n\n\n\n<p>Con estos proyectos los estudiantes del ISTUCED hacen presencia en la comunidad y solucionan situaciones aportando desde los conocimientos adquiridos en las aulas. Estamos muy orgullosos de su trabajo chicos, contin\u00faen poniendo en alto el nombre de la instituci\u00f3n a todas las partes del Ecuador.<\/p>\n\n\n\n<p>Todos somos Deming\u00a1<\/p>\n","protected":false},"excerpt":{"rendered":"<p>Ayer 5 de julio culmin\u00f3 una convocatoria m\u00e1s de proyectos de Vinculaci\u00f3n con la Sociedad en nuestro ISTUCED, en esta ocasi\u00f3n participaron estudiantes de validaci\u00f3n de conocimientos los cuales desarrollaron cinco proyectos grupales&hellip;<\/p>\n<p> <a class=\"more-link\" href=\"https:\/\/deming.edu.ec\/blog\/index.php\/2024\/07\/06\/resultados-de-la-convocatoria-10-proyectos-vinculacion-con-la-sociedad\/\">Read more<\/a><\/p>\n","protected":false},"author":8,"featured_media":0,"comment_status":"open","ping_status":"open","sticky":false,"template":"","format":"standard","meta":{"footnotes":""},"categories":[1],"tags":[],"_links":{"self":[{"href":"https:\/\/deming.edu.ec\/blog\/index.php\/wp-json\/wp\/v2\/posts\/779"}],"collection":[{"href":"https:\/\/deming.edu.ec\/blog\/index.php\/wp-json\/wp\/v2\/posts"}],"about":[{"href":"https:\/\/deming.edu.ec\/blog\/index.php\/wp-json\/wp\/v2\/types\/post"}],"author":[{"embeddable":true,"href":"https:\/\/deming.edu.ec\/blog\/index.php\/wp-json\/wp\/v2\/users\/8"}],"replies":[{"embeddable":true,"href":"https:\/\/deming.edu.ec\/blog\/index.php\/wp-json\/wp\/v2\/comments?post=779"}],"version-history":[{"count":1,"href":"https:\/\/deming.edu.ec\/blog\/index.php\/wp-json\/wp\/v2\/posts\/779\/revisions"}],"predecessor-version":[{"id":780,"href":"https:\/\/deming.edu.ec\/blog\/index.php\/wp-json\/wp\/v2\/posts\/779\/revisions\/780"}],"wp:attachment":[{"href":"https:\/\/deming.edu.ec\/blog\/index.php\/wp-json\/wp\/v2\/media?parent=779"}],"wp:term":[{"taxonomy":"category","embeddable":true,"href":"https:\/\/deming.edu.ec\/blog\/index.php\/wp-json\/wp\/v2\/categories?post=779"},{"taxonomy":"post_tag","embeddable":true,"href":"https:\/\/deming.edu.ec\/blog\/index.php\/wp-json\/wp\/v2\/tags?post=779"}],"curies":[{"name":"wp","href":"https:\/\/api.w.org\/{rel}","templated":true}]}}