{"id":786,"date":"2024-10-05T16:12:20","date_gmt":"2024-10-05T16:12:20","guid":{"rendered":"https:\/\/deming.edu.ec\/blog\/?p=786"},"modified":"2025-02-24T16:13:03","modified_gmt":"2025-02-24T16:13:03","slug":"eliminando-brechas-digitales","status":"publish","type":"post","link":"https:\/\/deming.edu.ec\/blog\/index.php\/2024\/10\/05\/eliminando-brechas-digitales\/","title":{"rendered":"Eliminando brechas digitales"},"content":{"rendered":"\n<p>Como parte del programa de Formaci\u00f3n continua en la comunidad, se aprueba el proyecto <strong>Eliminando brechas digitales<\/strong> presentado por el docente Christian V\u00e1squez Villavicencio en respuesta a la convocatoria lanzada en agosto de este 2024, dicho proyecto aspira a reducir la brecha digital en comunidades vulnerables a trav\u00e9s de la implementaci\u00f3n de programas educaci\u00f3n continua que facilite el acceso a tecnolog\u00edas de la informaci\u00f3n y formaci\u00f3n en competencias digitales.<\/p>\n\n\n\n<p>El mismo se implementar\u00e1 en el a\u00f1o 2025 y podr\u00e1n acceder todas aquellas personas interesadas en mejorar sus competencias en el uso de las herramientas digitales.<\/p>\n\n\n\n<p>Te esperamos\u00a1<\/p>\n","protected":false},"excerpt":{"rendered":"<p>Como parte del programa de Formaci\u00f3n continua en la comunidad, se aprueba el proyecto Eliminando brechas digitales presentado por el docente Christian V\u00e1squez Villavicencio en respuesta a la convocatoria lanzada en agosto de&hellip;<\/p>\n<p> <a class=\"more-link\" href=\"https:\/\/deming.edu.ec\/blog\/index.php\/2024\/10\/05\/eliminando-brechas-digitales\/\">Read more<\/a><\/p>\n","protected":false},"author":8,"featured_media":0,"comment_status":"open","ping_status":"open","sticky":false,"template":"","format":"standard","meta":{"footnotes":""},"categories":[1],"tags":[],"_links":{"self":[{"href":"https:\/\/deming.edu.ec\/blog\/index.php\/wp-json\/wp\/v2\/posts\/786"}],"collection":[{"href":"https:\/\/deming.edu.ec\/blog\/index.php\/wp-json\/wp\/v2\/posts"}],"about":[{"href":"https:\/\/deming.edu.ec\/blog\/index.php\/wp-json\/wp\/v2\/types\/post"}],"author":[{"embeddable":true,"href":"https:\/\/deming.edu.ec\/blog\/index.php\/wp-json\/wp\/v2\/users\/8"}],"replies":[{"embeddable":true,"href":"https:\/\/deming.edu.ec\/blog\/index.php\/wp-json\/wp\/v2\/comments?post=786"}],"version-history":[{"count":1,"href":"https:\/\/deming.edu.ec\/blog\/index.php\/wp-json\/wp\/v2\/posts\/786\/revisions"}],"predecessor-version":[{"id":787,"href":"https:\/\/deming.edu.ec\/blog\/index.php\/wp-json\/wp\/v2\/posts\/786\/revisions\/787"}],"wp:attachment":[{"href":"https:\/\/deming.edu.ec\/blog\/index.php\/wp-json\/wp\/v2\/media?parent=786"}],"wp:term":[{"taxonomy":"category","embeddable":true,"href":"https:\/\/deming.edu.ec\/blog\/index.php\/wp-json\/wp\/v2\/categories?post=786"},{"taxonomy":"post_tag","embeddable":true,"href":"https:\/\/deming.edu.ec\/blog\/index.php\/wp-json\/wp\/v2\/tags?post=786"}],"curies":[{"name":"wp","href":"https:\/\/api.w.org\/{rel}","templated":true}]}}