{"id":789,"date":"2025-03-21T17:49:47","date_gmt":"2025-03-21T17:49:47","guid":{"rendered":"https:\/\/deming.edu.ec\/blog\/?p=789"},"modified":"2025-03-21T17:53:49","modified_gmt":"2025-03-21T17:53:49","slug":"curso-de-formador-de-formadores-para-funcionarios-de-la-asamblea-nacional","status":"publish","type":"post","link":"https:\/\/deming.edu.ec\/blog\/index.php\/2025\/03\/21\/curso-de-formador-de-formadores-para-funcionarios-de-la-asamblea-nacional\/","title":{"rendered":"Curso de Formador de Formadores para Funcionarios de la Asamblea Nacional"},"content":{"rendered":"\n<p>En un mundo donde la educaci\u00f3n y la capacitaci\u00f3n son clave para el desarrollo profesional y organizacional, el <strong><a href=\"http:\/\/deming.edu.ec\">Instituto Superior Tecnol\u00f3gico Universitario Corporativo Edwards Deming <\/a>(ISTUCED)<\/strong> contin\u00faa liderando iniciativas de formaci\u00f3n acad\u00e9mica de alto nivel. En esta ocasi\u00f3n, se encuentra desarrollando el curso <strong>\u00abFormaci\u00f3n de Formadores\u00bb<\/strong>, dise\u00f1ado para<strong> funcionarios de la <a href=\"https:\/\/www.asambleanacional.gob.ec\/es\">Asamblea Nacional del Ecuador<\/a><\/strong>, con el objetivo de fortalecer sus habilidades pedag\u00f3gicas y metodol\u00f3gicas en la ense\u00f1anza de adultos.<\/p>\n\n\n\n<p>Este curso, alineado con las mejores pr\u00e1cticas en educaci\u00f3n superior y formaci\u00f3n continua, busca potenciar las competencias de los participantes para que puedan desempe\u00f1arse como facilitadores de conocimiento dentro de sus respectivas \u00e1reas de trabajo. A trav\u00e9s de un enfoque innovador y pr\u00e1ctico, ISTUCED reafirma su compromiso con la educaci\u00f3n de calidad y el desarrollo profesional en el sector p\u00fablico.<\/p>\n\n\n\n<p style=\"font-size:36px\"><strong>Un Curso Dise\u00f1ado para el Fortalecimiento de Competencias Docentes<\/strong><\/p>\n\n\n\n<p>Este curso, estructurado en <strong>40 horas de formaci\u00f3n<\/strong>, combina sesiones <strong>sincr\u00f3nicas y asincr\u00f3nicas<\/strong>, permitiendo a los participantes adquirir y aplicar metodolog\u00edas pedag\u00f3gicas efectivas para la ense\u00f1anza en entornos de educaci\u00f3n para adultos.<\/p>\n\n\n\n<p>Entre los objetivos del curso, se destacan:<\/p>\n\n\n\n<ul>\n<li><strong>Cognitivo:<\/strong> Comprender t\u00e9cnicas pedag\u00f3gicas y metodolog\u00edas innovadoras en la ense\u00f1anza de adultos.<\/li>\n\n\n\n<li><strong>Estrat\u00e9gico:<\/strong> Desarrollar habilidades para la implementaci\u00f3n de los principios de los <strong>tres cerebros<\/strong> en el aula.<\/li>\n\n\n\n<li><strong>Pragm\u00e1tico:<\/strong> Aplicar m\u00e9todos pr\u00e1cticos y operativos en el proceso de formaci\u00f3n de formadores.<\/li>\n<\/ul>\n\n\n\n<p class=\"has-large-font-size\"><strong>Estructura y Contenidos del Curso<\/strong><\/p>\n\n\n\n<div class=\"wp-block-media-text is-stacked-on-mobile\"><figure class=\"wp-block-media-text__media\"><img loading=\"lazy\" decoding=\"async\" width=\"457\" height=\"368\" src=\"https:\/\/deming.edu.ec\/blog\/wp-content\/uploads\/2025\/03\/Captura-de-pantalla-2025-03-21-a-las-12.05.47\u202fp.-m.png\" alt=\"\" class=\"wp-image-790 size-full\" srcset=\"https:\/\/deming.edu.ec\/blog\/wp-content\/uploads\/2025\/03\/Captura-de-pantalla-2025-03-21-a-las-12.05.47\u202fp.-m.png 457w, https:\/\/deming.edu.ec\/blog\/wp-content\/uploads\/2025\/03\/Captura-de-pantalla-2025-03-21-a-las-12.05.47\u202fp.-m-300x242.png 300w\" sizes=\"(max-width: 457px) 100vw, 457px\" \/><\/figure><div class=\"wp-block-media-text__content\">\n<p>El programa se desarrolla a lo largo de <strong>cinco semanas<\/strong>, en sesiones nocturnas de <strong>19:00 a 20:30 horas<\/strong>, facilitando la participaci\u00f3n de los funcionarios sin interferir con sus responsabilidades laborales diarias. Este enfoque flexible permite que los asistentes puedan aplicar de inmediato los conocimientos adquiridos en su entorno profesional.<\/p>\n\n\n\n<p>El curso cuenta con la gu\u00eda experta del <strong>Mg. John Fernando Sandoval Vidal<\/strong>, un reconocido <strong>comunicador social, educador y especialista en cibern\u00e9tica social proporcionalista<\/strong>, con una amplia trayectoria en el \u00e1mbito acad\u00e9mico y formativo. Su experiencia garantiza que los participantes reciban una capacitaci\u00f3n de alta calidad, fundamentada en metodolog\u00edas innovadoras y aplicables a diversos contextos.<\/p>\n<\/div><\/div>\n\n\n\n<p style=\"font-size:36px\"><strong>Herramientas y Beneficios del Curso<\/strong><\/p>\n\n\n\n<div class=\"wp-block-media-text has-media-on-the-right is-stacked-on-mobile\"><div class=\"wp-block-media-text__content\">\n<p>Los participantes del curso mediante el uso del <a href=\"https:\/\/binary.ec\/SITE\/bi-academos\/\">SGA Bi-Academos<\/a> (Sistema Acad\u00e9mico de Uso Institucional desarrollado por empresa <a href=\"http:\/\/binary.ec\">Binary IT Solutios<\/a>) tienen acceso a una serie de herramientas y recursos que facilitan su aprendizaje:<\/p>\n\n\n\n<p>\u2705 <strong>Gu\u00eda digital de trabajo<\/strong>, con materiales de referencia y actividades complementarias.<br>\u2705 <strong>Plataforma acad\u00e9mica interactiva<\/strong>, donde pueden acceder a clases grabadas, foros de discusi\u00f3n y recursos adicionales.<br>\u2705 <strong>Actividades pr\u00e1cticas<\/strong>, dise\u00f1adas para fortalecer la aplicaci\u00f3n del conocimiento en situaciones reales.<br>\u2705 <strong>Evaluaci\u00f3n de conocimientos<\/strong>, para medir el progreso y la comprensi\u00f3n de los temas abordados.<br>\u2705 <strong>Certificaci\u00f3n de Extensi\u00f3n Acad\u00e9mica<\/strong>, otorgada por ISTUCED al finalizar satisfactoriamente el curso.<\/p>\n<\/div><figure class=\"wp-block-media-text__media\"><img loading=\"lazy\" decoding=\"async\" width=\"1024\" height=\"793\" src=\"https:\/\/deming.edu.ec\/blog\/wp-content\/uploads\/2025\/03\/Captura-de-pantalla-2025-03-21-a-las-12.25.55\u202fp.-m-1024x793.png\" alt=\"\" class=\"wp-image-798 size-full\" srcset=\"https:\/\/deming.edu.ec\/blog\/wp-content\/uploads\/2025\/03\/Captura-de-pantalla-2025-03-21-a-las-12.25.55\u202fp.-m-1024x793.png 1024w, https:\/\/deming.edu.ec\/blog\/wp-content\/uploads\/2025\/03\/Captura-de-pantalla-2025-03-21-a-las-12.25.55\u202fp.-m-300x232.png 300w, https:\/\/deming.edu.ec\/blog\/wp-content\/uploads\/2025\/03\/Captura-de-pantalla-2025-03-21-a-las-12.25.55\u202fp.-m-768x595.png 768w, https:\/\/deming.edu.ec\/blog\/wp-content\/uploads\/2025\/03\/Captura-de-pantalla-2025-03-21-a-las-12.25.55\u202fp.-m.png 1034w\" sizes=\"(max-width: 1024px) 100vw, 1024px\" \/><\/figure><\/div>\n\n\n\n<p style=\"font-size:36px\"><strong>Un Impacto Significativo en la Asamblea Nacional<\/strong><\/p>\n\n\n\n<div class=\"wp-block-cover\"><span aria-hidden=\"true\" class=\"wp-block-cover__background has-background-dim\" style=\"background-color:#708298\"><\/span><img loading=\"lazy\" decoding=\"async\" width=\"2560\" height=\"1707\" class=\"wp-block-cover__image-background wp-image-801\" alt=\"\" src=\"https:\/\/deming.edu.ec\/blog\/wp-content\/uploads\/2025\/03\/Fachada_de_la_Asamblea_Nacional_Quito_20_de_agosto_de_2019_-_10-scaled.jpg\" data-object-fit=\"cover\" srcset=\"https:\/\/deming.edu.ec\/blog\/wp-content\/uploads\/2025\/03\/Fachada_de_la_Asamblea_Nacional_Quito_20_de_agosto_de_2019_-_10-scaled.jpg 2560w, https:\/\/deming.edu.ec\/blog\/wp-content\/uploads\/2025\/03\/Fachada_de_la_Asamblea_Nacional_Quito_20_de_agosto_de_2019_-_10-300x200.jpg 300w, https:\/\/deming.edu.ec\/blog\/wp-content\/uploads\/2025\/03\/Fachada_de_la_Asamblea_Nacional_Quito_20_de_agosto_de_2019_-_10-1024x683.jpg 1024w, https:\/\/deming.edu.ec\/blog\/wp-content\/uploads\/2025\/03\/Fachada_de_la_Asamblea_Nacional_Quito_20_de_agosto_de_2019_-_10-768x512.jpg 768w, https:\/\/deming.edu.ec\/blog\/wp-content\/uploads\/2025\/03\/Fachada_de_la_Asamblea_Nacional_Quito_20_de_agosto_de_2019_-_10-1536x1024.jpg 1536w, https:\/\/deming.edu.ec\/blog\/wp-content\/uploads\/2025\/03\/Fachada_de_la_Asamblea_Nacional_Quito_20_de_agosto_de_2019_-_10-2048x1365.jpg 2048w\" sizes=\"(max-width: 2560px) 100vw, 2560px\" \/><div class=\"wp-block-cover__inner-container is-layout-flow wp-block-cover-is-layout-flow\">\n<p>La implementaci\u00f3n del curso <strong>\u00abFormaci\u00f3n de Formadores\u00bb<\/strong> en la Asamblea Nacional representa un avance significativo en la capacitaci\u00f3n de funcionarios p\u00fablicos. Al dotar a los participantes con herramientas pedag\u00f3gicas actualizadas, ISTUCED contribuye al <strong>fortalecimiento institucional y la profesionalizaci\u00f3n de los servidores p\u00fablicos<\/strong>, impactando directamente en la eficiencia y calidad de los procesos legislativos y administrativos.<\/p>\n\n\n\n<p>La formaci\u00f3n de formadores no solo mejora las habilidades individuales de los funcionarios, sino que tambi\u00e9n <strong>potencia la capacidad de la Asamblea Nacional para generar procesos de aprendizaje continuo y actualizaci\u00f3n profesional dentro de sus equipos de trabajo<\/strong>.<\/p>\n\n\n\n<p><\/p>\n<\/div><\/div>\n\n\n\n<p style=\"font-size:36px\"><strong>Compromiso de ISTUCED con la Educaci\u00f3n de Calidad<\/strong><\/p>\n\n\n\n<p>El <strong>Instituto Superior Tecnol\u00f3gico Universitario Corporativo Edwards Deming<\/strong> reafirma su misi\u00f3n de brindar <strong>formaci\u00f3n acad\u00e9mica de excelencia<\/strong>, adaptada a las necesidades del mundo moderno y de las instituciones que requieren fortalecer sus capacidades internas.<\/p>\n\n\n\n<p>Con el desarrollo de este curso, ISTUCED sigue consolid\u00e1ndose como un referente en <strong>educaci\u00f3n superior y capacitaci\u00f3n profesional<\/strong>, ofreciendo programas innovadores y metodolog\u00edas de ense\u00f1anza que impactan positivamente en el crecimiento profesional de sus participantes.<\/p>\n\n\n\n<blockquote class=\"wp-block-quote is-layout-flow wp-block-quote-is-layout-flow\">\n<p class=\"has-text-align-center\"><strong>\u00a1Felicitamos a los 94 funcionarios de la Asamblea Nacional que est\u00e1n participando en esta experiencia de aprendizaje!<\/strong> \ud83d\ude80<\/p>\n<\/blockquote>\n","protected":false},"excerpt":{"rendered":"<p>En un mundo donde la educaci\u00f3n y la capacitaci\u00f3n son clave para el desarrollo profesional y organizacional, el Instituto Superior Tecnol\u00f3gico Universitario Corporativo Edwards Deming (ISTUCED) contin\u00faa liderando iniciativas de formaci\u00f3n acad\u00e9mica de&hellip;<\/p>\n<p> <a class=\"more-link\" href=\"https:\/\/deming.edu.ec\/blog\/index.php\/2025\/03\/21\/curso-de-formador-de-formadores-para-funcionarios-de-la-asamblea-nacional\/\">Read more<\/a><\/p>\n","protected":false},"author":6,"featured_media":801,"comment_status":"open","ping_status":"closed","sticky":false,"template":"","format":"standard","meta":{"footnotes":""},"categories":[2,38],"tags":[22,19,40],"_links":{"self":[{"href":"https:\/\/deming.edu.ec\/blog\/index.php\/wp-json\/wp\/v2\/posts\/789"}],"collection":[{"href":"https:\/\/deming.edu.ec\/blog\/index.php\/wp-json\/wp\/v2\/posts"}],"about":[{"href":"https:\/\/deming.edu.ec\/blog\/index.php\/wp-json\/wp\/v2\/types\/post"}],"author":[{"embeddable":true,"href":"https:\/\/deming.edu.ec\/blog\/index.php\/wp-json\/wp\/v2\/users\/6"}],"replies":[{"embeddable":true,"href":"https:\/\/deming.edu.ec\/blog\/index.php\/wp-json\/wp\/v2\/comments?post=789"}],"version-history":[{"count":13,"href":"https:\/\/deming.edu.ec\/blog\/index.php\/wp-json\/wp\/v2\/posts\/789\/revisions"}],"predecessor-version":[{"id":806,"href":"https:\/\/deming.edu.ec\/blog\/index.php\/wp-json\/wp\/v2\/posts\/789\/revisions\/806"}],"wp:featuredmedia":[{"embeddable":true,"href":"https:\/\/deming.edu.ec\/blog\/index.php\/wp-json\/wp\/v2\/media\/801"}],"wp:attachment":[{"href":"https:\/\/deming.edu.ec\/blog\/index.php\/wp-json\/wp\/v2\/media?parent=789"}],"wp:term":[{"taxonomy":"category","embeddable":true,"href":"https:\/\/deming.edu.ec\/blog\/index.php\/wp-json\/wp\/v2\/categories?post=789"},{"taxonomy":"post_tag","embeddable":true,"href":"https:\/\/deming.edu.ec\/blog\/index.php\/wp-json\/wp\/v2\/tags?post=789"}],"curies":[{"name":"wp","href":"https:\/\/api.w.org\/{rel}","templated":true}]}}